{"id":822,"date":"2016-05-01T11:31:12","date_gmt":"2016-05-01T09:31:12","guid":{"rendered":"http:\/\/fotoclub.it\/?p=822"},"modified":"2017-01-31T16:29:05","modified_gmt":"2017-01-31T15:29:05","slug":"corso-base-di-fotografia-digitale-2016","status":"publish","type":"post","link":"https:\/\/fotoclub.it\/index.php\/2016\/05\/01\/corso-base-di-fotografia-digitale-2016\/","title":{"rendered":"CONCLUSO: Corso Base di fotografia 2016"},"content":{"rendered":"<h3><strong><span style=\"color: #ff0000;\">AGGIORNAMENTO:<\/span><\/strong><\/h3>\n<p><span style=\"color: #ffffff;\"><strong>Il corso base \u00e8 concluso, ringraziamo tutti i partecipanti per la loro attenzione, per la preferenza, per i complimenti e gli importanti suggerimenti costruttivi ricevuti.<\/strong><\/span><\/p>\n<p><em><strong>Di seguito qualche foto\u00a0con alcuni momenti delle uscite pratiche, un sincero &#8220;arrivederci&#8221; a tutti.<\/strong><\/em><\/p>\n<p><span style=\"color: #ffffff;\"><em><strong>Fotoclub Sernaglia<\/strong><\/em><\/span><\/p>\n<p>&nbsp;<\/p>\n<p><img data-recalc-dims=\"1\" loading=\"lazy\" decoding=\"async\" class=\"alignnone wp-image-1062 size-large\" src=\"https:\/\/i0.wp.com\/fotoclub.it\/wp-content\/uploads\/2016\/03\/fotodigruppoCorsoBase2016_1-1024x684.jpg?resize=850%2C568\" alt=\"fotodigruppoCorsoBase2016_1\" width=\"850\" height=\"568\" srcset=\"https:\/\/i0.wp.com\/fotoclub.it\/wp-content\/uploads\/2016\/03\/fotodigruppoCorsoBase2016_1.jpg?resize=1024%2C684&amp;ssl=1 1024w, https:\/\/i0.wp.com\/fotoclub.it\/wp-content\/uploads\/2016\/03\/fotodigruppoCorsoBase2016_1.jpg?resize=300%2C200&amp;ssl=1 300w, https:\/\/i0.wp.com\/fotoclub.it\/wp-content\/uploads\/2016\/03\/fotodigruppoCorsoBase2016_1.jpg?resize=768%2C513&amp;ssl=1 768w, https:\/\/i0.wp.com\/fotoclub.it\/wp-content\/uploads\/2016\/03\/fotodigruppoCorsoBase2016_1.jpg?resize=225%2C150&amp;ssl=1 225w, https:\/\/i0.wp.com\/fotoclub.it\/wp-content\/uploads\/2016\/03\/fotodigruppoCorsoBase2016_1.jpg?resize=150%2C100&amp;ssl=1 150w, https:\/\/i0.wp.com\/fotoclub.it\/wp-content\/uploads\/2016\/03\/fotodigruppoCorsoBase2016_1.jpg?w=1600&amp;ssl=1 1600w\" sizes=\"auto, (max-width: 850px) 100vw, 850px\" \/><img data-recalc-dims=\"1\" loading=\"lazy\" decoding=\"async\" class=\"alignnone wp-image-1060 size-large\" src=\"https:\/\/i0.wp.com\/fotoclub.it\/wp-content\/uploads\/2016\/03\/fotodigruppoCorsoBase2016_2-1024x684.jpg?resize=850%2C568\" alt=\"fotodigruppoCorsoBase2016_2\" width=\"850\" height=\"568\" srcset=\"https:\/\/i0.wp.com\/fotoclub.it\/wp-content\/uploads\/2016\/03\/fotodigruppoCorsoBase2016_2.jpg?resize=1024%2C684&amp;ssl=1 1024w, https:\/\/i0.wp.com\/fotoclub.it\/wp-content\/uploads\/2016\/03\/fotodigruppoCorsoBase2016_2.jpg?resize=300%2C200&amp;ssl=1 300w, https:\/\/i0.wp.com\/fotoclub.it\/wp-content\/uploads\/2016\/03\/fotodigruppoCorsoBase2016_2.jpg?resize=768%2C513&amp;ssl=1 768w, https:\/\/i0.wp.com\/fotoclub.it\/wp-content\/uploads\/2016\/03\/fotodigruppoCorsoBase2016_2.jpg?resize=225%2C150&amp;ssl=1 225w, https:\/\/i0.wp.com\/fotoclub.it\/wp-content\/uploads\/2016\/03\/fotodigruppoCorsoBase2016_2.jpg?resize=150%2C100&amp;ssl=1 150w, https:\/\/i0.wp.com\/fotoclub.it\/wp-content\/uploads\/2016\/03\/fotodigruppoCorsoBase2016_2.jpg?w=1600&amp;ssl=1 1600w\" sizes=\"auto, (max-width: 850px) 100vw, 850px\" \/> <img data-recalc-dims=\"1\" loading=\"lazy\" decoding=\"async\" class=\"alignnone wp-image-1061 size-large\" src=\"https:\/\/i0.wp.com\/fotoclub.it\/wp-content\/uploads\/2016\/03\/fotodigruppoCorsoBase2016_3-1024x684.jpg?resize=850%2C568\" alt=\"fotodigruppoCorsoBase2016_3\" width=\"850\" height=\"568\" srcset=\"https:\/\/i0.wp.com\/fotoclub.it\/wp-content\/uploads\/2016\/03\/fotodigruppoCorsoBase2016_3.jpg?resize=1024%2C684&amp;ssl=1 1024w, https:\/\/i0.wp.com\/fotoclub.it\/wp-content\/uploads\/2016\/03\/fotodigruppoCorsoBase2016_3.jpg?resize=300%2C200&amp;ssl=1 300w, https:\/\/i0.wp.com\/fotoclub.it\/wp-content\/uploads\/2016\/03\/fotodigruppoCorsoBase2016_3.jpg?resize=768%2C513&amp;ssl=1 768w, https:\/\/i0.wp.com\/fotoclub.it\/wp-content\/uploads\/2016\/03\/fotodigruppoCorsoBase2016_3.jpg?resize=225%2C150&amp;ssl=1 225w, https:\/\/i0.wp.com\/fotoclub.it\/wp-content\/uploads\/2016\/03\/fotodigruppoCorsoBase2016_3.jpg?resize=150%2C100&amp;ssl=1 150w, https:\/\/i0.wp.com\/fotoclub.it\/wp-content\/uploads\/2016\/03\/fotodigruppoCorsoBase2016_3.jpg?w=1600&amp;ssl=1 1600w\" sizes=\"auto, (max-width: 850px) 100vw, 850px\" \/><\/p>\n<p>&nbsp;<\/p>\n<p>&#8212;&#8212;&#8212;&#8212;&#8212;&#8212;&#8212;&#8212;&#8212;&#8212;&#8212;&#8212;&#8212;&#8212;&#8212;&#8212;&#8212;&#8212;&#8212;&#8212;&#8212;&#8212;&#8212;&#8212;&#8212;&#8212;&#8212;&#8212;&#8212;&#8212;&#8212;&#8212;&#8212;&#8212;&#8212;&#8212;&#8212;&#8212;&#8212;&#8212;&#8212;&#8212;&#8212;&#8212;&#8212;&#8212;&#8212;<\/p>\n<p>BREVI NOTE PER I PARTECIPANTI<\/p>\n<p>Il prossimo mercoled\u00ec 6 aprile alle ore 20.30 ( raccomandiamo la presenza almeno 10\/15 minuti prima solo\u00a0per la prima serata ) inizia l&#8217;appuntamento con questo percorso di avvicinamento alla fotografia condotto da alcuni fotoamatori del nostro gruppo e con la partecipazione di un nutrito numero di soci che mostreranno alcune loro immagini e accompagneranno i partecipanti durante l&#8217;uscita fotografica pratica.<\/p>\n<p>La sede del corso \u00e8 la <a href=\"https:\/\/www.google.it\/maps\/@45.9052799,12.1260361,315a,46.5y,7.99t\/data=!3m1!1e3\" target=\"_blank\">Sala Riunioni dietro il municipio di Farra di Soligo<\/a>.<\/p>\n<p><iframe loading=\"lazy\" style=\"border: 0;\" src=\"https:\/\/www.google.com\/maps\/embed?pb=!1m18!1m12!1m3!1d694.0693666534187!2d12.12601215148873!3d45.90576207747026!2m3!1f0!2f0!3f0!3m2!1i1024!2i768!4f13.1!3m3!1m2!1s0x0000000000000000%3A0xe36479041a4d1099!2sSala+riunioni+del+Municipio+di+Farra+di+Soligo!5e0!3m2!1sit!2sit!4v1459781693385\" width=\"600\" height=\"450\" frameborder=\"0\" allowfullscreen=\"allowfullscreen\"><\/iframe><br \/>\nRicordiamo che il percorso far\u00e0 espresso riferimento all&#8217;utilizzo di fotocamere di tipo reflex con obiettivi intercambiabili (<em>soprattutto durante la prima serata<\/em>) tuttavia il possesso di una fotocamera di questo tipo non \u00e8 un requisito di partecipazione.<br \/>\nLa reflex \u00e8 al momento e a nostro parere, l&#8217;apparecchio fotografico che meglio si presta alla spiegazione tecnica e terminologica dei componenti di una fotocamera: porta con s\u00e9 vantaggi e svantaggi rispetto ad altre tipologie di macchine fotografiche\u00a0ma\u00a0consente di essere oltre che uno strumento flessibile per il fotografo anche molto valido per uso didattico.<\/p>\n<p><span style=\"color: #ff0000;\"><em>AGGIORNAMENTO:<br \/>\nSe volete, seppur non necessario, potete portare la vostra fotocamera anche durante le lezioni teoriche che si terranno in aula, per individuare sul vostro apparecchio, magari con l&#8217;aiuto dei soci del gruppo presenti, i componenti della fotocamera man mano che vengono descritti.<\/em><\/span><\/p>\n<hr \/>\n<p><a href=\"http:\/\/fotoclub.it\/wp-content\/uploads\/2016\/03\/2016-Corso-base-di-fotografia...pdf\" target=\"_blank\"><img data-recalc-dims=\"1\" loading=\"lazy\" decoding=\"async\" class=\"alignnone size-medium wp-image-901\" src=\"https:\/\/i0.wp.com\/fotoclub.it\/wp-content\/uploads\/2016\/03\/2016-Corso-base-di-fotografia..-208x300.jpg?resize=208%2C300\" alt=\"2016 Corso base di fotografia (digitale) a Farra di Soligo\" width=\"208\" height=\"300\" srcset=\"https:\/\/i0.wp.com\/fotoclub.it\/wp-content\/uploads\/2016\/03\/2016-Corso-base-di-fotografia...jpg?resize=208%2C300&amp;ssl=1 208w, https:\/\/i0.wp.com\/fotoclub.it\/wp-content\/uploads\/2016\/03\/2016-Corso-base-di-fotografia...jpg?resize=768%2C1108&amp;ssl=1 768w, https:\/\/i0.wp.com\/fotoclub.it\/wp-content\/uploads\/2016\/03\/2016-Corso-base-di-fotografia...jpg?resize=710%2C1024&amp;ssl=1 710w, https:\/\/i0.wp.com\/fotoclub.it\/wp-content\/uploads\/2016\/03\/2016-Corso-base-di-fotografia...jpg?resize=104%2C150&amp;ssl=1 104w, https:\/\/i0.wp.com\/fotoclub.it\/wp-content\/uploads\/2016\/03\/2016-Corso-base-di-fotografia...jpg?w=1241&amp;ssl=1 1241w\" sizes=\"auto, (max-width: 208px) 100vw, 208px\" \/><br \/>\nLocandina in formato Adobe Acrobat .PDF<\/a><\/p>\n<p>A Farra di Soligo,\u00a0in collaborazione con l&#8217;amministrazione comunale di Farra di Soligo, l&#8217;Assessorato alla Cultura e la biblioteca multimediale, viene promossa la quinta edizione del nostro<span style=\"color: #ffcc00;\"> <a style=\"color: #ffcc00;\" href=\"http:\/\/fotoclub.it\/?page_id=815\">Corso Base di fotografia (digitale)<\/a><\/span>\u00a0che amiamo da sempre definire come un semplice &#8220;<em>percorso di avvicinamento alla fotografi<\/em>a&#8221;.<\/p>\n<p><em>Il percorso, si articoler\u00e0 in <strong>4 serate teoriche<\/strong> <span style=\"text-decoration: underline;\"><strong>condotte dai nostri soci fotoamatori<\/strong><\/span>\u00a0che si alterneranno nella presentazione dei contenuti proposti.<\/em><br \/>\n<em> Inoltre, <span style=\"text-decoration: underline; color: #ffcc00;\">una o due uscite pratiche per un totale di circa 3\/4 ore di attivit\u00e0<\/span>, verranno concordate direttamente con i partecipanti\u00a0da effettuarsi di mattina in giorno festivo o prefestivo.<\/em><\/p>\n<p>Le 4 serate formative\u00a0sono articolate in circa 90 minuti di attivit\u00e0 teorica spezzati in 2 tempi intercalati da una proiezione multimediale di natura, viaggio o altro realizzate con immagini di alcuni soci del Fotoclub Sernaglia.<br \/>\nOgnuna di queste serate, si propone come un momento breve ma specifico nel percorso di avvicinamento alla fotografia e agli strumenti fotografici ed \u00e8 caratterizzata da una tematica precisa che sar\u00e0 poi oggetto di lieve richiamo o proseguo nelle serate successive.<\/p>\n<p><span style=\"color: #ffcc00;\">mercoled\u00ec 6 aprile 2016:\u00a0<strong>SAPERE<\/strong><\/span><br \/>\n<em>Serata dedicata\u00a0ad un brevissimo percorso storico delle&#8217;evoluzione della fotocamera e\u00a0all&#8217;apprendimento della terminologia e delle funzioni proprie dell&#8217;apparecchio fotografico (reflex).<\/em><\/p>\n<p><span style=\"color: #ffcc00;\">mercoled\u00ec 13 aprile 2016:\u00a0<strong>FARE<\/strong><\/span><strong><br \/>\n<\/strong><em>Serata dedicata all&#8217;esposizione e all&#8217;analisi degli elementi tecnici della fotocamera e propri del soggetto per effettuare una esposizione corretta.<\/em><\/p>\n<p><span style=\"color: #ffcc00;\">mercoled\u00ec 20 aprile 2016:\u00a0<strong>SAPER FARE<\/strong><\/span><br \/>\n<em>Serata dedicata all&#8217;inquadratura e alle regole di base ad esse proprie.<\/em><br \/>\n<em>I generi fotografici e le differenti &#8220;basi&#8221;.<\/em><br \/>\n<em>Cenni di composizione con brevi letture di alcune immagini importanti e\/o visione di alcune immagini dei soci del fotoclub con commento degli autori.<\/em><\/p>\n<p><span style=\"color: #ffcc00;\">mercoled\u00ec 27 aprile 2016:\u00a0<strong>FAR SAPERE<\/strong><\/span><br \/>\n<em>Serata dedicata ad illustrare in breve il workflow del fotografo amatoriale appena successivo allo scatto.<\/em><br \/>\n<em>Metodi e modi di importazione, catalogazione e sviluppo\/elaborazione delle immagini scattate.<\/em><br \/>\n<em>Cenni sui diversi tipi di formato file fotografici e esame delle modalit\u00e0 pi\u00f9 comuni per &#8220;proporre&#8221; e\/o &#8220;promuovere&#8221; le proprie immagini.<\/em><br \/>\n<em>Come fotografare, quanto fotografare, come migliorare il nostro fotografare e come imparare qualcosa dalle nostre immagini.<\/em><\/p>\n<p><span style=\"color: #ffff00;\"><em>Il programma \u00e8 indicativo e sar\u00e0 sviluppato nel miglior modo possibile in base alla necessit\u00e0 di interazione con i partecipanti.<\/em><\/span><\/p>\n<p><span style=\"text-decoration: underline;\"><strong>La quota di partecipazione per ogni partecipante \u00e8 di Euro 50,00 (cinquanta\/00) per l\u2019intero corso comprensiva della quota sociale di iscrizione al Fotoclub Sernaglia per l\u2019anno 2016.<\/strong><\/span><br \/>\n<span style=\"text-decoration: underline;\"><strong> E&#8217; prevista una riduzione per i giovani fino a 16 anni di et\u00e0.<\/strong><\/span><\/p>\n<p>Per l&#8217;avvio del corso \u00e8 richiesto un numero minimo di 10 partecipanti fino ad un massimo di 25.<\/p>\n<p><strong>Le iscrizioni sono da effettuarsi via mail alla casella <span style=\"color: #ffcc00;\"><a style=\"color: #ffcc00;\" href=\"mailto:info@fotoclub.it\">info@fotoclub.it<\/a><\/span>, mentre la quota di partecipazione verr\u00e0 raccolta durante la prima serata alla quale raccomandiamo di arrivare almeno per le ore 20.10 per le pratiche di registrazione.<br \/>\n<\/strong>A chi volesse velocizzare le pratiche di\u00a0registrazione, raccomandiamo di stampare i moduli allegati e portarli compilati la sera stessa.<br \/>\n<span style=\"color: #ffcc00;\"><a style=\"color: #ffcc00;\" href=\"http:\/\/fotoclub.it\/wp-content\/uploads\/2016\/03\/iscrizione-associazione.pdf\" rel=\"\">Modulo di iscrizione all&#8217;associazione (.pdf)<\/a><\/span><br \/>\n<span style=\"color: #ffcc00;\"> <a style=\"color: #ffcc00;\" href=\"http:\/\/fotoclub.it\/wp-content\/uploads\/2016\/03\/Calendario-Corso-2016-indicativo.pdf\" rel=\"\">Calendario Corso 2016 (indicativo) (.pdf)<br \/>\n<\/a><a style=\"color: #ffcc00;\" href=\"http:\/\/fotoclub.it\/wp-content\/uploads\/2016\/03\/Raccolta-Dati-partecipanti-Corso.pdf\" rel=\"\">Raccolta Dati partecipanti Corso (.pdf)<\/a><\/span><a href=\"http:\/\/fotoclub.it\/wp-content\/uploads\/2016\/03\/Calendario-Corso-2016-indicativo.pdf\" rel=\"\"><br \/>\n<\/a><\/p>\n<p><em>Limitatamente ai posti disponibili, le iscrizioni sono aperte fino a mezzogiorno del 5 aprile 2016.<\/em><\/p>\n<blockquote>\n<h2><span style=\"color: #ff0000;\">IMPORTANTE:\u00a0In risposta alla mail di iscrizione vi verr\u00e0 comunicata l&#8217;eventualit\u00e0 che l&#8217;iscrizione non possa essere accettata per superamento del numero massimo o se il corso non si terr\u00e0 per mancato raggiungimento del minimo di partecipanti.<\/span><\/h2>\n<\/blockquote>\n<p>Se volete approfondire le linee guida del corso base, seguite il link proposto:<\/p>\n<div class='avia-iframe-wrap'>\n<blockquote class=\"wp-embedded-content\" data-secret=\"yrBl1rpbRF\"><p><a href=\"https:\/\/fotoclub.it\/index.php\/corso-base-di-fotografia-digitale\/\">Corso Base di Fotografia (digitale)<\/a><\/p><\/blockquote>\n<p><iframe loading=\"lazy\" class=\"wp-embedded-content\" sandbox=\"allow-scripts\" security=\"restricted\" style=\"position: absolute; clip: rect(1px, 1px, 1px, 1px);\" title=\"&#8220;Corso Base di Fotografia (digitale)&#8221; &#8212; Fotoclub Sernaglia\" src=\"https:\/\/fotoclub.it\/index.php\/corso-base-di-fotografia-digitale\/embed\/#?secret=8Qd8JosSdW#?secret=yrBl1rpbRF\" data-secret=\"yrBl1rpbRF\" width=\"600\" height=\"338\" frameborder=\"0\" marginwidth=\"0\" marginheight=\"0\" scrolling=\"no\"><\/iframe><\/div>\n<p>&nbsp;<\/p>\n<p>&nbsp;<\/p>\n<p><span style=\"color: #ffffff;\"><strong>Qualche ricordo di alcune delle precedenti edizioni del corso base di fotografia (digitale):<\/strong><\/span><br \/>\n<span style=\"color: #ccffcc;\"> <a style=\"color: #ccffcc;\" href=\"http:\/\/blog.fotousato.com\/?p=1339\" target=\"_blank\">2014 Sernaglia della Battaglia<\/a><\/span><br \/>\n<span style=\"color: #ccffcc;\"> <a style=\"color: #ccffcc;\" href=\"http:\/\/blog.fotousato.com\/?p=1333\" target=\"_blank\">2014 Santa Lucia di Piave<\/a><\/span><br \/>\n<span style=\"color: #ccffcc;\"> <a style=\"color: #ccffcc;\" href=\"http:\/\/blog.fotousato.com\/?p=690\" target=\"_blank\">2012 Sernaglia della Battaglia<\/a><\/span><br \/>\n<span style=\"color: #ccffcc;\"> <a style=\"color: #ccffcc;\" href=\"http:\/\/blog.fotousato.com\/?p=698\" target=\"_blank\">2011 Riese Pio X\u00b0<\/a><\/span><\/p>\n<p>&nbsp;<\/p>\n","protected":false},"excerpt":{"rendered":"<p>AGGIORNAMENTO: Il corso base \u00e8 concluso, ringraziamo tutti i partecipanti per la loro attenzione, per la preferenza, per i complimenti e gli importanti suggerimenti costruttivi ricevuti. Di seguito qualche foto\u00a0con alcuni momenti delle uscite pratiche, un sincero &#8220;arrivederci&#8221; a tutti. Fotoclub Sernaglia &nbsp; &nbsp; &#8212;&#8212;&#8212;&#8212;&#8212;&#8212;&#8212;&#8212;&#8212;&#8212;&#8212;&#8212;&#8212;&#8212;&#8212;&#8212;&#8212;&#8212;&#8212;&#8212;&#8212;&#8212;&#8212;&#8212;&#8212;&#8212;&#8212;&#8212;&#8212;&#8212;&#8212;&#8212;&#8212;&#8212;&#8212;&#8212;&#8212;&#8212;&#8212;&#8212;&#8212;&#8212;&#8212;&#8212;&#8212;&#8212;&#8212; BREVI NOTE PER I PARTECIPANTI Il prossimo mercoled\u00ec 6 aprile [&hellip;]<\/p>\n","protected":false},"author":1,"featured_media":936,"comment_status":"closed","ping_status":"closed","sticky":false,"template":"","format":"standard","meta":{"_jetpack_newsletter_access":"","_jetpack_dont_email_post_to_subs":false,"_jetpack_newsletter_tier_id":0,"_jetpack_memberships_contains_paywalled_content":false,"_jetpack_memberships_contains_paid_content":false,"footnotes":""},"categories":[14,43,6],"tags":[99,98,64],"class_list":["post-822","post","type-post","status-publish","format-standard","has-post-thumbnail","hentry","category-attivita","category-collaborazioni","category-formazione","tag-attivita-associative","tag-corso-base","tag-formazione"],"jetpack_sharing_enabled":true,"jetpack_shortlink":"https:\/\/wp.me\/p51gCz-dg","jetpack_featured_media_url":"https:\/\/i0.wp.com\/fotoclub.it\/wp-content\/uploads\/2016\/03\/didatticafotografica.jpg?fit=640%2C458&ssl=1","_links":{"self":[{"href":"https:\/\/fotoclub.it\/index.php\/wp-json\/wp\/v2\/posts\/822","targetHints":{"allow":["GET"]}}],"collection":[{"href":"https:\/\/fotoclub.it\/index.php\/wp-json\/wp\/v2\/posts"}],"about":[{"href":"https:\/\/fotoclub.it\/index.php\/wp-json\/wp\/v2\/types\/post"}],"author":[{"embeddable":true,"href":"https:\/\/fotoclub.it\/index.php\/wp-json\/wp\/v2\/users\/1"}],"replies":[{"embeddable":true,"href":"https:\/\/fotoclub.it\/index.php\/wp-json\/wp\/v2\/comments?post=822"}],"version-history":[{"count":0,"href":"https:\/\/fotoclub.it\/index.php\/wp-json\/wp\/v2\/posts\/822\/revisions"}],"wp:featuredmedia":[{"embeddable":true,"href":"https:\/\/fotoclub.it\/index.php\/wp-json\/wp\/v2\/media\/936"}],"wp:attachment":[{"href":"https:\/\/fotoclub.it\/index.php\/wp-json\/wp\/v2\/media?parent=822"}],"wp:term":[{"taxonomy":"category","embeddable":true,"href":"https:\/\/fotoclub.it\/index.php\/wp-json\/wp\/v2\/categories?post=822"},{"taxonomy":"post_tag","embeddable":true,"href":"https:\/\/fotoclub.it\/index.php\/wp-json\/wp\/v2\/tags?post=822"}],"curies":[{"name":"wp","href":"https:\/\/api.w.org\/{rel}","templated":true}]}}