{"id":449,"date":"2015-10-08T09:53:46","date_gmt":"2015-10-08T07:53:46","guid":{"rendered":"http:\/\/fotoclub.it\/?p=449"},"modified":"2016-01-19T16:52:50","modified_gmt":"2016-01-19T15:52:50","slug":"per-corso-di-formazione","status":"publish","type":"post","link":"https:\/\/fotoclub.it\/index.php\/2015\/10\/08\/per-corso-di-formazione\/","title":{"rendered":"Per-corso di formazione"},"content":{"rendered":"<p><strong><em>L&#8217;annunciato per-corso di formazione, subir\u00e0 delle modifiche alla programmazione prevista a causa di difficolt\u00e0 di finanziamento dello stesso per come previsto in origine.<\/em><\/strong><\/p>\n<p><span style=\"text-decoration: underline;\">L&#8217;evento del 18.09.2015 non si terr\u00e0.<br \/>\nL&#8217;evento del 16.10.2015 non si terr\u00e0 al momento ma verr\u00e0 programmato nell&#8217;anno 2016.<br \/>\n<strong>L&#8217;evento del 13 novembre 2015 invece verr\u00e0 \u00a0regolarmente svolto.<\/strong><br \/>\n<\/span><br \/>\n<em>Le nostre richieste di contributo non hanno avuto il ritorno auspicato ed \u00e8 quindi necessario rivedere il programma in base alle nostre disponibilit\u00e0.<\/em><\/p>\n<p>Alcuni degli eventi, come il workshop di Street Photography, prevedono un onere a carico dei partecipanti che verr\u00e0 corrisposto direttamente al Gruppo Mignon che si occupa della conduzione del workshop, mentre gli altri workshop dedicati al software e condotti gratuitamente dai soci dello stesso Fotoclub Sernaglia prevederanno un contributo di rimborso spese.<\/p>\n<p><strong><em>Una richiesta via mail a <a href=\"mailto:info@fotoclub.it\">info@fotoclub.it<\/a> otterr\u00e0 pronto risposta per tutti gli interessati.<\/em><\/strong><\/p>\n<blockquote><p>Provvederemo a dare adeguata informativa nel sito web di ogni eventuale ed ulteriore rettifica e ci scusiamo, con soci e simpatizzanti per ogni possibile inconveniente che non nasce dalla nostra espressa volont\u00e0 ma dalla necessit\u00e0 di gestire un elevato numero di eventi e di impegni fotografici rispetto alle normali attivit\u00e0 del fotoclub programmate in passato; che ci trovano <strong>entusiasti e volonterosi<\/strong> ma talvolta in difficolt\u00e0 nel conciliare i tempi degli impegni professionali e familiari con quelli del &#8220;tempo libero&#8221; da dedicare alla passione per la fotografia.<\/p><\/blockquote>\n","protected":false},"excerpt":{"rendered":"<p>L&#8217;annunciato per-corso di formazione, subir\u00e0 delle modifiche alla programmazione prevista a causa di difficolt\u00e0 di finanziamento dello stesso per come previsto in origine. L&#8217;evento del 18.09.2015 non si terr\u00e0. L&#8217;evento del 16.10.2015 non si terr\u00e0 al momento ma verr\u00e0 programmato nell&#8217;anno 2016. L&#8217;evento del 13 novembre 2015 invece verr\u00e0 \u00a0regolarmente svolto. Le nostre richieste di [&hellip;]<\/p>\n","protected":false},"author":1,"featured_media":450,"comment_status":"open","ping_status":"closed","sticky":false,"template":"","format":"standard","meta":{"_jetpack_newsletter_access":"","_jetpack_dont_email_post_to_subs":false,"_jetpack_newsletter_tier_id":0,"_jetpack_memberships_contains_paywalled_content":false,"_jetpack_memberships_contains_paid_content":false,"footnotes":""},"categories":[14,16,6],"tags":[45,44,34,5,31,66,67],"class_list":["post-449","post","type-post","status-publish","format-standard","has-post-thumbnail","hentry","category-attivita","category-serate-pubbliche","category-formazione","tag-attivita","tag-collaborazioni","tag-fotoclub","tag-fotografia","tag-fotografia-di-strada","tag-modifiche","tag-per-corso-di-formazione"],"jetpack_sharing_enabled":true,"jetpack_shortlink":"https:\/\/wp.me\/p51gCz-7f","jetpack_featured_media_url":"https:\/\/i0.wp.com\/fotoclub.it\/wp-content\/uploads\/2015\/09\/cambiodiprogramma.jpeg?fit=1382%2C919&ssl=1","_links":{"self":[{"href":"https:\/\/fotoclub.it\/index.php\/wp-json\/wp\/v2\/posts\/449","targetHints":{"allow":["GET"]}}],"collection":[{"href":"https:\/\/fotoclub.it\/index.php\/wp-json\/wp\/v2\/posts"}],"about":[{"href":"https:\/\/fotoclub.it\/index.php\/wp-json\/wp\/v2\/types\/post"}],"author":[{"embeddable":true,"href":"https:\/\/fotoclub.it\/index.php\/wp-json\/wp\/v2\/users\/1"}],"replies":[{"embeddable":true,"href":"https:\/\/fotoclub.it\/index.php\/wp-json\/wp\/v2\/comments?post=449"}],"version-history":[{"count":0,"href":"https:\/\/fotoclub.it\/index.php\/wp-json\/wp\/v2\/posts\/449\/revisions"}],"wp:featuredmedia":[{"embeddable":true,"href":"https:\/\/fotoclub.it\/index.php\/wp-json\/wp\/v2\/media\/450"}],"wp:attachment":[{"href":"https:\/\/fotoclub.it\/index.php\/wp-json\/wp\/v2\/media?parent=449"}],"wp:term":[{"taxonomy":"category","embeddable":true,"href":"https:\/\/fotoclub.it\/index.php\/wp-json\/wp\/v2\/categories?post=449"},{"taxonomy":"post_tag","embeddable":true,"href":"https:\/\/fotoclub.it\/index.php\/wp-json\/wp\/v2\/tags?post=449"}],"curies":[{"name":"wp","href":"https:\/\/api.w.org\/{rel}","templated":true}]}}