{"id":3255,"date":"2026-04-07T16:04:57","date_gmt":"2026-04-07T14:04:57","guid":{"rendered":"https:\/\/fotoclub.it\/?p=3255"},"modified":"2026-04-07T16:04:57","modified_gmt":"2026-04-07T14:04:57","slug":"spia-di-azioni-segrete-dario-lotteri-2","status":"publish","type":"post","link":"https:\/\/fotoclub.it\/index.php\/2026\/04\/07\/spia-di-azioni-segrete-dario-lotteri-2\/","title":{"rendered":"LUCE [Collettiva]"},"content":{"rendered":"<p>Il Fotoclub Sernaglia ha dedicato il 2019 alla \u201cLuce\u201d, elemento costitutivo di ogni immagine fotografica, come il nome stesso FotoGrafia ( disegnare con la luce ) spiega.<\/p>\n<blockquote><p>\n<em>Luce intesa come soggetto, come ricerca, come valore, come particolare&#8230; in pratica una luce ri-cercata.<\/em><\/p><\/blockquote>\n<p>Tutto ci\u00f2 che vediamo \u00e8 riconoscibile attraverso la luce, ma l&#8217;uso di una forma di luce piuttosto che un&#8217;altra, di un giorno assolato piuttosto che nebbioso, di un \u2018attimo a mezzogiorno piuttosto che a mezzanotte, di una fonte naturale piuttosto che artificiale determina la \u2018ricerca&#8217; del fotografo che vuole imprimere a ci\u00f2 che riprende una particolare essenza.<\/p>\n<p>Seppur senza direttivit\u00e0 o indicazioni specifiche, quindi nella pi\u00f9 libera abilit\u00e0 tecnica e creativa, i soci si sono confrontati su questo tema nel corso attraverso 4 serata di concorso interno ed attraverso la visione di immagini e la loro discussione.<\/p>\n<p>Ne nasce una mostra fotografica, piccola, discreta: che vuol essere un omaggio prima di tutto al trovarci insieme per valorizzare le nostre immagini e il tempo speso a ricercarle ma anche un invito a riflettere su questo fenomeno fisico che rende \u201cvive\u201d la cose attorno a noi.<\/p>\n<p>Ringraziamo le Bibilioteca Comunale di Pieve di Soligo che ha invitato il Fotoclub ad esporre questa mostra anche presso i locali di studio e cultura da loro gestiti.<br \/>\nLa mostra \u00e8 visitabile durante i giorni e gli orari di apertura della biblioteca.<\/p>\n<p>Non tutte le foto hanno spazio per essere ospitate, quindi saranno visibili a rotazione.<\/p>\n<p>Della sua mostra racconta:<\/p>\n<blockquote><p>25 anni di \u2018LUCE&#8217; \u2013 mostra fotografica<\/p><\/blockquote>\n<p>&nbsp;<\/p>\n","protected":false},"excerpt":{"rendered":"<p>Il Fotoclub Sernaglia ha dedicato il 2019 alla \u201cLuce\u201d, elemento costitutivo di ogni immagine fotografica, come il nome stesso FotoGrafia ( disegnare con la luce ) spiega. Luce intesa come soggetto, come ricerca, come valore, come particolare&#8230; in pratica una luce ri-cercata. Tutto ci\u00f2 che vediamo \u00e8 riconoscibile attraverso la luce, ma l&#8217;uso di una [&hellip;]<\/p>\n","protected":false},"author":1,"featured_media":2854,"comment_status":"closed","ping_status":"closed","sticky":false,"template":"","format":"standard","meta":{"_jetpack_newsletter_access":"","_jetpack_dont_email_post_to_subs":false,"_jetpack_newsletter_tier_id":0,"_jetpack_memberships_contains_paywalled_content":false,"_jetpack_memberships_contains_paid_content":false,"footnotes":""},"categories":[157],"tags":[120],"class_list":["post-3255","post","type-post","status-publish","format-standard","has-post-thumbnail","hentry","category-le-mostre-del-fotoclub","tag-mostra-fotografica"],"jetpack_sharing_enabled":true,"jetpack_shortlink":"https:\/\/wp.me\/p51gCz-Qv","jetpack_featured_media_url":"https:\/\/i0.wp.com\/fotoclub.it\/wp-content\/uploads\/2021\/10\/spiadiazionisegrete.jpg?fit=1131%2C1216&ssl=1","_links":{"self":[{"href":"https:\/\/fotoclub.it\/index.php\/wp-json\/wp\/v2\/posts\/3255","targetHints":{"allow":["GET"]}}],"collection":[{"href":"https:\/\/fotoclub.it\/index.php\/wp-json\/wp\/v2\/posts"}],"about":[{"href":"https:\/\/fotoclub.it\/index.php\/wp-json\/wp\/v2\/types\/post"}],"author":[{"embeddable":true,"href":"https:\/\/fotoclub.it\/index.php\/wp-json\/wp\/v2\/users\/1"}],"replies":[{"embeddable":true,"href":"https:\/\/fotoclub.it\/index.php\/wp-json\/wp\/v2\/comments?post=3255"}],"version-history":[{"count":2,"href":"https:\/\/fotoclub.it\/index.php\/wp-json\/wp\/v2\/posts\/3255\/revisions"}],"predecessor-version":[{"id":3257,"href":"https:\/\/fotoclub.it\/index.php\/wp-json\/wp\/v2\/posts\/3255\/revisions\/3257"}],"wp:featuredmedia":[{"embeddable":true,"href":"https:\/\/fotoclub.it\/index.php\/wp-json\/wp\/v2\/media\/2854"}],"wp:attachment":[{"href":"https:\/\/fotoclub.it\/index.php\/wp-json\/wp\/v2\/media?parent=3255"}],"wp:term":[{"taxonomy":"category","embeddable":true,"href":"https:\/\/fotoclub.it\/index.php\/wp-json\/wp\/v2\/categories?post=3255"},{"taxonomy":"post_tag","embeddable":true,"href":"https:\/\/fotoclub.it\/index.php\/wp-json\/wp\/v2\/tags?post=3255"}],"curies":[{"name":"wp","href":"https:\/\/api.w.org\/{rel}","templated":true}]}}