{"id":2927,"date":"2024-01-11T15:02:04","date_gmt":"2024-01-11T14:02:04","guid":{"rendered":"https:\/\/fotoclub.it\/?p=2927"},"modified":"2025-11-11T15:04:10","modified_gmt":"2025-11-11T14:04:10","slug":"e-online-il-programma-2","status":"publish","type":"post","link":"https:\/\/fotoclub.it\/index.php\/2024\/01\/11\/e-online-il-programma-2\/","title":{"rendered":"Tema 2024: INFINITO"},"content":{"rendered":"<h3><strong>Avviso a tutti i soci<\/strong><\/h3>\n<p>&nbsp;<\/p>\n<p>C&#8217;\u00e8 desiderio di fotografia, di aria aperta, di luce&#8230; di infinito e di tutti gli infiniti possibili.<\/p>\n<h5>E&#8217; il tema dell&#8217;anno e sar\u00e0 il tema della mostra collettiva del 2024 che probabilmente che avr\u00e0 come titolo &#8220;mille sono gli infiniti&#8221;.<\/h5>\n<p>E&#8217; da tempo che riproponiamo questo titolo che per varie ragioni non ha ancora trovato il suo spazio.<br \/>\nIl 2024 \u00e8 l&#8217;anno del nostro trentennale a approfitteremo delle immagini legate a questo tema per celebrare l&#8217;evento.<\/p>\n<p>L\u2019infinito non \u00e8 solo un concetto.<br \/>\nNon \u00e8 solo quel simbolo che denota un\u2019astrazione matematica atta ad indicare una grandezza illimitatamente grande e nemmeno \u00e8 solo quel punto dell\u2019obiettivo che indica una messa a fuoco estremamente nitida per la fotografia di paesaggio.<br \/>\nNon \u00e8 solo quello stupendo poema di Giacomo Leopardi che quasi come una fotografia\u2026 \u00a0mostra un mondo interiore.<br \/>\nl\u2019Infinito \u00e8 uno stato d\u2019animo, \u00e8 una visione, \u00e8 una ricerca profonda verso s\u00e9 stessi ed il punto di arrivo di molte consapevolezze.<\/p>\n<p>In ognuno dei mondi che ci sono dentro di noi c\u2019\u00e8 un infinito, una storia infinita, un sogno infinito.<\/p>\n<p>Infinito \u00e8 anche il paesaggio che si rinnova ma che rimane sempre uguale a se stesso se chi lo osserva, lo cura, lo gestisce ne preserva la bellezza e il valore.<br \/>\nInfinita \u00e8 la creativit\u00e0 che nelle forme d\u2019arte si perpetua oltre il tempo.<br \/>\nInfinito \u00e8 l\u2019Uomo se avr\u00e0 cura di s\u00e9; nel ricordo, nella storia, nei gesti migliori.<br \/>\nInfinito \u00e8 ancora una volta l\u2019uomo come opera d\u2019arte tutt\u2019ora incompiuta ed in continua evoluzione e proiettata nel tempo e nello spazio.<\/p>\n<p>&nbsp;<\/p>\n<p>&nbsp;<\/p>\n<p>&nbsp;<\/p>\n<p>&nbsp;<\/p>\n","protected":false},"excerpt":{"rendered":"<p>Avviso a tutti i soci &nbsp; C&#8217;\u00e8 desiderio di fotografia, di aria aperta, di luce&#8230; di infinito e di tutti gli infiniti possibili. E&#8217; il tema dell&#8217;anno e sar\u00e0 il tema della mostra collettiva del 2024 che probabilmente che avr\u00e0 come titolo &#8220;mille sono gli infiniti&#8221;. E&#8217; da tempo che riproponiamo questo titolo che per [&hellip;]<\/p>\n","protected":false},"author":1,"featured_media":2613,"comment_status":"closed","ping_status":"closed","sticky":false,"template":"","format":"standard","meta":{"_jetpack_newsletter_access":"","_jetpack_dont_email_post_to_subs":false,"_jetpack_newsletter_tier_id":0,"_jetpack_memberships_contains_paywalled_content":false,"_jetpack_memberships_contains_paid_content":false,"footnotes":""},"categories":[17,14],"tags":[45,152,120,91,156,158,159],"class_list":["post-2927","post","type-post","status-publish","format-standard","has-post-thumbnail","hentry","category-associazione","category-attivita","tag-attivita","tag-infinito","tag-mostra-fotografica","tag-programma","tag-programma-2020","tag-programma-2021","tag-programma-2022"],"jetpack_sharing_enabled":true,"jetpack_shortlink":"https:\/\/wp.me\/p51gCz-Ld","jetpack_featured_media_url":"https:\/\/i0.wp.com\/fotoclub.it\/wp-content\/uploads\/2020\/02\/infinito-800x540-1.jpg?fit=800%2C540&ssl=1","_links":{"self":[{"href":"https:\/\/fotoclub.it\/index.php\/wp-json\/wp\/v2\/posts\/2927","targetHints":{"allow":["GET"]}}],"collection":[{"href":"https:\/\/fotoclub.it\/index.php\/wp-json\/wp\/v2\/posts"}],"about":[{"href":"https:\/\/fotoclub.it\/index.php\/wp-json\/wp\/v2\/types\/post"}],"author":[{"embeddable":true,"href":"https:\/\/fotoclub.it\/index.php\/wp-json\/wp\/v2\/users\/1"}],"replies":[{"embeddable":true,"href":"https:\/\/fotoclub.it\/index.php\/wp-json\/wp\/v2\/comments?post=2927"}],"version-history":[{"count":3,"href":"https:\/\/fotoclub.it\/index.php\/wp-json\/wp\/v2\/posts\/2927\/revisions"}],"predecessor-version":[{"id":3131,"href":"https:\/\/fotoclub.it\/index.php\/wp-json\/wp\/v2\/posts\/2927\/revisions\/3131"}],"wp:featuredmedia":[{"embeddable":true,"href":"https:\/\/fotoclub.it\/index.php\/wp-json\/wp\/v2\/media\/2613"}],"wp:attachment":[{"href":"https:\/\/fotoclub.it\/index.php\/wp-json\/wp\/v2\/media?parent=2927"}],"wp:term":[{"taxonomy":"category","embeddable":true,"href":"https:\/\/fotoclub.it\/index.php\/wp-json\/wp\/v2\/categories?post=2927"},{"taxonomy":"post_tag","embeddable":true,"href":"https:\/\/fotoclub.it\/index.php\/wp-json\/wp\/v2\/tags?post=2927"}],"curies":[{"name":"wp","href":"https:\/\/api.w.org\/{rel}","templated":true}]}}