{"id":2868,"date":"2022-04-28T12:09:53","date_gmt":"2022-04-28T10:09:53","guid":{"rendered":"https:\/\/fotoclub.it\/?p=2868"},"modified":"2022-11-30T22:39:30","modified_gmt":"2022-11-30T21:39:30","slug":"assemblea-soci-2019-3","status":"publish","type":"post","link":"https:\/\/fotoclub.it\/index.php\/2022\/04\/28\/assemblea-soci-2019-3\/","title":{"rendered":"Assemblea SOCI 2022"},"content":{"rendered":"<p>[MESSAGGIO RISERVATO AI SOCI DEL FOTOCLUB SERNAGLIA IN REGOLA CON LA QUOTA ASSOCIATIVA]<\/p>\n<p>Carissimi soci,<\/p>\n<p>nel ringraziarvi per ogni vostro contributo, vi ricordo che \u00e8 stata convocata l&#8217;assemblea dei soci come da comunicazione a voi spedita nei termini e nelle modalit\u00e0 previste dal nostro statuto.<\/p>\n<p>Stasera luned\u00ec 15 aprile 2019, alle ore 20.30 in seconda convocazione (avente avuto la prima esito negativo) ci terr\u00e0 l&#8217;assemblea dei soci 2019 per deliberare e discutere a proposito del seguente ordine del giorno:<\/p>\n<p>1) Relazione del Presidente sulle attivit\u00e0 svolte 2021<br \/>\n<span style=\"font-family: 'Open Sans';\">2) Cenni per il programma 2022<br \/>\n<\/span><span style=\"font-family: 'Open Sans';\">3) Elezioni consiglio direttivo triennio 2022\/2025<br \/>\n<\/span>4) Varie ed eventuali<\/p>\n<p>A chi non potesse partecipare e volesse contribuire con il proprio voto tramite delega, vi chiediamo di voler trasmettere la <a href=\"https:\/\/fotoclub.it\/wp-content\/uploads\/2022\/04\/Assemblea-annuale-2022-delega.pdf\">Assemblea annuale 2022 &#8211; delega<\/a>\u00a0da trasmettere fisicamente a chi riterrete possa votare al vostro posto che sia maggiorenne.<\/p>\n<p>Ad ognuno contattare chi di interesse per trasmettere delega.<br \/>\nPer un veloce trasferimento della delega firmata (compilata in tutte le sue parti altrimenti non valida) potete eventualmente appoggiarvi alla mail info@fotoclub.it cos\u00ec fino a pochi minuti prima delle votazioni sar\u00e0 possibile visualizzarla.<\/p>\n<p>Rammentiamo che:<br \/>\nRinaldo Checuz<br \/>\nAndrea Olivotto<br \/>\nGianangelo Breda<br \/>\nDario Lotteri<br \/>\nGiulia Bottega<br \/>\nLuca Sperandio<br \/>\nLuigi Dorigo<br \/>\nNON POSSONO ESSERE DELEGATI in quanto componenti del Consiglio Direttivo uscente.<\/p>\n<p>&nbsp;<\/p>\n<p>Elenco degli attuali soci del Fotoclub Sernaglia<\/p>\n<p><a href=\"https:\/\/fotoclub.it\/wp-content\/uploads\/2022\/04\/Elenco-soci-FOTOCLUB-2022-PDF.pdf\">Elenco soci FOTOCLUB 2022 PDF<\/a><\/p>\n<p>&nbsp;<\/p>\n<p>&nbsp;<\/p>\n","protected":false},"excerpt":{"rendered":"<p>[MESSAGGIO RISERVATO AI SOCI DEL FOTOCLUB SERNAGLIA IN REGOLA CON LA QUOTA ASSOCIATIVA] Carissimi soci, nel ringraziarvi per ogni vostro contributo, vi ricordo che \u00e8 stata convocata l&#8217;assemblea dei soci come da comunicazione a voi spedita nei termini e nelle modalit\u00e0 previste dal nostro statuto. Stasera luned\u00ec 15 aprile 2019, alle ore 20.30 in seconda [&hellip;]<\/p>\n","protected":false},"author":1,"featured_media":2241,"comment_status":"closed","ping_status":"closed","sticky":false,"template":"","format":"standard","meta":{"_jetpack_newsletter_access":"","_jetpack_dont_email_post_to_subs":false,"_jetpack_newsletter_tier_id":0,"_jetpack_memberships_contains_paywalled_content":false,"_jetpack_memberships_contains_paid_content":false,"footnotes":""},"categories":[17],"tags":[],"class_list":["post-2868","post","type-post","status-publish","format-standard","has-post-thumbnail","hentry","category-associazione"],"jetpack_sharing_enabled":true,"jetpack_shortlink":"https:\/\/wp.me\/p51gCz-Kg","jetpack_featured_media_url":"https:\/\/i0.wp.com\/fotoclub.it\/wp-content\/uploads\/2019\/04\/assemblea.jpg?fit=800%2C600&ssl=1","_links":{"self":[{"href":"https:\/\/fotoclub.it\/index.php\/wp-json\/wp\/v2\/posts\/2868","targetHints":{"allow":["GET"]}}],"collection":[{"href":"https:\/\/fotoclub.it\/index.php\/wp-json\/wp\/v2\/posts"}],"about":[{"href":"https:\/\/fotoclub.it\/index.php\/wp-json\/wp\/v2\/types\/post"}],"author":[{"embeddable":true,"href":"https:\/\/fotoclub.it\/index.php\/wp-json\/wp\/v2\/users\/1"}],"replies":[{"embeddable":true,"href":"https:\/\/fotoclub.it\/index.php\/wp-json\/wp\/v2\/comments?post=2868"}],"version-history":[{"count":0,"href":"https:\/\/fotoclub.it\/index.php\/wp-json\/wp\/v2\/posts\/2868\/revisions"}],"wp:featuredmedia":[{"embeddable":true,"href":"https:\/\/fotoclub.it\/index.php\/wp-json\/wp\/v2\/media\/2241"}],"wp:attachment":[{"href":"https:\/\/fotoclub.it\/index.php\/wp-json\/wp\/v2\/media?parent=2868"}],"wp:term":[{"taxonomy":"category","embeddable":true,"href":"https:\/\/fotoclub.it\/index.php\/wp-json\/wp\/v2\/categories?post=2868"},{"taxonomy":"post_tag","embeddable":true,"href":"https:\/\/fotoclub.it\/index.php\/wp-json\/wp\/v2\/tags?post=2868"}],"curies":[{"name":"wp","href":"https:\/\/api.w.org\/{rel}","templated":true}]}}