{"id":2731,"date":"2022-02-10T11:59:01","date_gmt":"2022-02-10T10:59:01","guid":{"rendered":"http:\/\/fotoclub.it\/?p=2731"},"modified":"2022-02-21T18:26:40","modified_gmt":"2022-02-21T17:26:40","slug":"e-online-il-programma","status":"publish","type":"post","link":"https:\/\/fotoclub.it\/index.php\/2022\/02\/10\/e-online-il-programma\/","title":{"rendered":"Tema 2022: l&#8217;INFINITO&#8217;"},"content":{"rendered":"<h3><strong>Avviso a tutti i soci<\/strong><\/h3>\n<p>&nbsp;<\/p>\n<p>C&#8217;\u00e8 desiderio di fotografia, di aria aperta, di luce&#8230; di infinito e di tutti gli infiniti possibili.<\/p>\n<h5>E&#8217; il tema dell&#8217;anno e sar\u00e0 il tema della mostra collettiva del 2022 che probabilmente avr\u00e0 come titolo &#8220;molti sono gli infiniti&#8221;.<\/h5>\n<p>Invitiamo i soci ad applicarsi nel rispetto dei tre principali orientamenti legati al temo dell&#8217;Infinito sui quali andremo a confrontarci in varie occasioni.<\/p>\n<p>Gli orientamenti sono:<\/p>\n<ol>\n<li><strong>IL TEMPO DELL\u2019INFINITO<\/strong><\/li>\n<li><strong>I LUOGHI DELL\u2019INFINITO<\/strong><\/li>\n<li><strong>L\u2019INFINITO DENTRO DI ME<\/strong><\/li>\n<\/ol>\n<p>IL TEMA E&#8217; VINCOLANTE PER LE SERATE DI DISCUSSIONE ORGANIZZATE SPECIFICATAMENTE ED E&#8217; VINCOLANTE PER LA PARTECIPAZIONE ALLA MOSTRA COLLETTIVA 2022<\/p>\n<p>&#8212; linee guida &#8212;&#8212;&#8212;&#8212;&#8212;&#8212;&#8212;&#8212;&#8212;&#8212;&#8212;&#8212;&#8212;&#8212;&#8212;&#8212;&#8212;&#8212;&#8212;&#8212;&#8212;&#8212;&#8212;&#8212;&#8212;&#8212;&#8212;&#8212;&#8212;&#8212;&#8212;&#8212;&#8212;&#8212;&#8212;&#8212;&#8212;&#8212;&#8212;&#8212;&#8212;&#8212;&#8212;&#8212;&#8212;&#8212;&#8212;&#8212;-<\/p>\n<p>L\u2019infinito non \u00e8 solo un concetto.<br \/>\nNon \u00e8 solo quel simbolo che denota un\u2019astrazione matematica atta ad indicare una grandezza illimitatamente grande e nemmeno \u00e8 solo quel punto dell\u2019obiettivo che indica una messa a fuoco estremamente nitida per la fotografia di paesaggio.<br \/>\nNon \u00e8 solo quello stupendo poema di Giacomo Leopardi che quasi come una fotografia\u2026 \u00a0mostra un mondo interiore.<br \/>\nl\u2019Infinito \u00e8 uno stato d\u2019animo, \u00e8 una visione, \u00e8 una ricerca profonda verso s\u00e9 stessi ed il punto di arrivo di molte consapevolezze.<\/p>\n<p>In ognuno dei mondi che ci sono dentro di noi c\u2019\u00e8 un infinito, una storia infinita, un sogno infinito.<\/p>\n<p>Infinito \u00e8 anche il paesaggio che si rinnova ma che rimane sempre uguale a se stesso se chi lo osserva, lo cura, lo gestisce ne preserva la bellezza e il valore.<br \/>\nInfinita \u00e8 la creativit\u00e0 che nelle forme d\u2019arte si perpetua oltre il tempo.<br \/>\nInfinito \u00e8 l\u2019Uomo se avr\u00e0 cura di s\u00e9; nel ricordo, nella storia, nei gesti migliori.<br \/>\nInfinito \u00e8 ancora una volta l\u2019uomo come opera d\u2019arte tutt\u2019ora incompiuta ed in continua evoluzione e proiettata nel tempo e nello spazio.<\/p>\n<p>&nbsp;<\/p>\n<table>\n<tbody>\n<tr>\n<td width=\"246\"><em>\u201cNon si sa quanto verde<br \/>\nsia sepolto sotto questo verde<br \/>\nn\u00e9 quanta pioggia sotto questa pioggia<br \/>\nmolti sono gli infiniti<br \/>\nche qui convergono<br \/>\nche di qui s\u2019allontanano<br \/>\ndimentichi, intontiti\u201d<\/em><strong><em>da Lanugini, Andrea Zanzotto,\u00a0 <\/em><\/strong><em>\u00a0<\/em><\/td>\n<td width=\"246\"><em>\u201cChe opera d\u2019arte \u00e8 l\u2019uomo, quanto nobile nella sua ragione, quanto infinito nelle sue facolt\u00e0, nella forma e nel movimento, quanto appropriato e ammirevole nell\u2019azione, quanto simile a un angelo nell\u2019intendimento, quanto simile a un dio: la bellezza del mondo, il paragone degli animali.<\/em><\/p>\n<p><em><strong>Da Amleto, Shakespeare<\/strong><\/em><\/td>\n<td width=\"151\"><em>Vedere un mondo in un granello di sabbia e un paradiso in un fiore selvatico, tenere l&#8217;infinito nel palmo della mano e l&#8217;eternit\u00e0 in un&#8217;ora.<\/em><\/p>\n<p><em>Vita<br \/>\n<strong>William Blake<\/strong><\/em><\/td>\n<\/tr>\n<\/tbody>\n<\/table>\n<p>&nbsp;<\/p>\n<p>&nbsp;<\/p>\n<p>&nbsp;<\/p>\n","protected":false},"excerpt":{"rendered":"<p>Avviso a tutti i soci &nbsp; C&#8217;\u00e8 desiderio di fotografia, di aria aperta, di luce&#8230; di infinito e di tutti gli infiniti possibili. E&#8217; il tema dell&#8217;anno e sar\u00e0 il tema della mostra collettiva del 2022 che probabilmente avr\u00e0 come titolo &#8220;molti sono gli infiniti&#8221;. Invitiamo i soci ad applicarsi nel rispetto dei tre principali [&hellip;]<\/p>\n","protected":false},"author":1,"featured_media":2613,"comment_status":"closed","ping_status":"closed","sticky":true,"template":"","format":"standard","meta":{"_jetpack_newsletter_access":"","_jetpack_dont_email_post_to_subs":false,"_jetpack_newsletter_tier_id":0,"_jetpack_memberships_contains_paywalled_content":false,"_jetpack_memberships_contains_paid_content":false,"footnotes":""},"categories":[17,14],"tags":[45,152,120,91,156,158,159],"class_list":["post-2731","post","type-post","status-publish","format-standard","has-post-thumbnail","hentry","category-associazione","category-attivita","tag-attivita","tag-infinito","tag-mostra-fotografica","tag-programma","tag-programma-2020","tag-programma-2021","tag-programma-2022"],"jetpack_sharing_enabled":true,"jetpack_shortlink":"https:\/\/wp.me\/p51gCz-I3","jetpack_featured_media_url":"https:\/\/i0.wp.com\/fotoclub.it\/wp-content\/uploads\/2020\/02\/infinito-800x540-1.jpg?fit=800%2C540&ssl=1","_links":{"self":[{"href":"https:\/\/fotoclub.it\/index.php\/wp-json\/wp\/v2\/posts\/2731","targetHints":{"allow":["GET"]}}],"collection":[{"href":"https:\/\/fotoclub.it\/index.php\/wp-json\/wp\/v2\/posts"}],"about":[{"href":"https:\/\/fotoclub.it\/index.php\/wp-json\/wp\/v2\/types\/post"}],"author":[{"embeddable":true,"href":"https:\/\/fotoclub.it\/index.php\/wp-json\/wp\/v2\/users\/1"}],"replies":[{"embeddable":true,"href":"https:\/\/fotoclub.it\/index.php\/wp-json\/wp\/v2\/comments?post=2731"}],"version-history":[{"count":0,"href":"https:\/\/fotoclub.it\/index.php\/wp-json\/wp\/v2\/posts\/2731\/revisions"}],"wp:featuredmedia":[{"embeddable":true,"href":"https:\/\/fotoclub.it\/index.php\/wp-json\/wp\/v2\/media\/2613"}],"wp:attachment":[{"href":"https:\/\/fotoclub.it\/index.php\/wp-json\/wp\/v2\/media?parent=2731"}],"wp:term":[{"taxonomy":"category","embeddable":true,"href":"https:\/\/fotoclub.it\/index.php\/wp-json\/wp\/v2\/categories?post=2731"},{"taxonomy":"post_tag","embeddable":true,"href":"https:\/\/fotoclub.it\/index.php\/wp-json\/wp\/v2\/tags?post=2731"}],"curies":[{"name":"wp","href":"https:\/\/api.w.org\/{rel}","templated":true}]}}