{"id":2605,"date":"2020-01-10T10:30:33","date_gmt":"2020-01-10T09:30:33","guid":{"rendered":"http:\/\/fotoclub.it\/?p=2605"},"modified":"2020-09-10T12:00:10","modified_gmt":"2020-09-10T10:00:10","slug":"concorso-interno-2020","status":"publish","type":"post","link":"https:\/\/fotoclub.it\/index.php\/2020\/01\/10\/concorso-interno-2020\/","title":{"rendered":"Concorso interno 2020"},"content":{"rendered":"\r\n<p><\/p>\r\n<p><strong>CONCORSO INTERNO 2020 &#8211; REGOLAMENTO<\/strong><\/p>\r\n<p>\r\n\r\n<\/p>\r\n<p>Carissimi soci, il &#8220;concorso&#8221; interno proposto in questi ultimi anni, come ben sapete ha sempre avuto lo scopo di stimolare ogni socio a far selezione fra le immagini che rispondessero ad un argomento, ad un genere o idea a seconda del tema scelto.<\/p>\r\n<p>\r\n\r\n<\/p>\r\n<p>Spesso nelle serate associative, vengono proposte tante immagini anche simili fra loro, importanti sicuramente per chi le ha realizzate (emozioni di viaggio o di ricerca naturalistica, uscite di street photography, ecc, ) ma non sempre ugualmente &#8216;interessanti&#8217; per il semplice &#8216;fruitore&#8217; che non abbia anche partecipato al momento della ripresa.<\/p>\r\n<p>\r\n\r\n<\/p>\r\n<p>Il Fotoclub Sernaglia \u00e8 luogo di incontro e di discussione quindi \u00e8 bene aver materiale sul quale discutere tuttavia, un numero elevato di foto simili fra loro o che comunque &#8220;documentano&#8221; solo senza una riflessione di tipo fotografico \u00e8 occasione di &#8216;partecipazione&#8217; ma non elemento di crescita e di confronto perch\u00e9 non consentono di &#8216;partecipare&#8217; ma solo di osservare.\u00a0<br \/>E chi \u00e8 in possesso di una natura umana dotata di buona educazione difficilmente interverr\u00e0 a comunicare che le foto sono troppe per non mancare di rispetto a chi propone la narrazione.<\/p>\r\n<p><strong>E&#8217; bene quindi LIMITARCI nel numero di foto da proporre in una serata e, se le foto interessano un viaggio, una ricerca naturalistica, una uscita in qualche citt\u00e0: vediamo di raggruppare una decina di foto che possano essere presentate con un filone comune in modo che si possa discutere pi\u00f9 della fotografia che del contenuto.<\/strong><br \/><em>Ad esempio, un socio in una uscita per il carnevale a Venezia potr\u00e0 produrre svariate immagini interessanti, ma avr\u00e0 cura, per il rispetto di tutti, di portare in sede le migliori 10 fotografie realizzate facendo attenzione a selezionare quelle che ritiene migliori o quelle che forniscono un significato particolare o quelle sulle quali vuole una considerazione o un aiuto.<br \/><\/em>Nulla vieta di selezionare ulteriori gruppi di una decina di immagini da proporre di seguito o in serate successive con differenti considerazioni anche se la tipologia di soggetto pu\u00f2 essere analoga.<br \/>Sempre nell&#8217;esempio del Carnevale, 10 immagini di ritratti di maschera, 10 immagini con uso del grandangolo, 10 immagini di spettatori del carnevale, 10 immagini con trattamento di post-produzione particolare, ecc.<br \/><strong>Questo, crediamo, sia un atteggiamento che pu\u00f2 aiutare tutti a crescere e migliorare.<\/strong><\/p>\r\n<p>Da questa premessa l&#8217;idea del concorso interno, allo scopo di &#8220;imparare a selezionare&#8221; e cercare nel proprio lavoro &#8220;il meglio&#8221; di quello che siamo riusciti a riprendere.<br \/>Successivamente, la richiesta sempre attuale, per vuol portare pi\u00f9 di 20 immagini per proporre una esperienza, un viaggio significativo, o altro di prenotarsi per tempo in modo da inserirlo nelle serate chiamate &#8220;OGGI ESPONE&#8230;&#8221;.<\/p>\r\n<p>\r\n\r\n<\/p>\r\n<p style=\"font-size: 0;\">Sembra che qualche frutto in questo senso sia stato raccolto ed ora, con la speranza di continuare a migliorare vogliamo introdurre una modalit\u00e0 differente di visualizzare le immagini del &#8220;concorso interno&#8221; per provare a crescere ancora, stavolta verso la direzione della &#8220;lettura delle immagini&#8221; o &#8220;attenzione critica&#8221;.<\/p>\r\n<p>\r\n\r\n<\/p>\r\n<p>Per quanto riguarda il concorso quindi, dove dobbiamo IMPARARE A SELEZIONARE e a RISPETTARE IL TEMA, chiediamo ad ogni socio che partecipi alla serata del concorso con proprie immagini che porti da 1 a 3 immagini e non di pi\u00f9, <span style=\"color: #ff0000;\"><em><strong>gi\u00e0 rinominate nel formato<\/strong><\/em> NOME-COGNOME-1.jpg<\/span> (esempio MARIO-ROSSI-1.JPG per la prima foto e cos\u00ec via).<\/p>\r\n<p>\r\n\r\n<\/p>\r\n<p>Ogni foto verr\u00e0 visualizzata per qualche decina di secondi e poi l&#8217;autore potr\u00e0 illustrarla.<br \/>Si chiede all&#8217;autore <span style=\"color: #ff0000;\">di non soffermarsi su luogo, evento, genere, situazione ma di indicare le motivazioni di quello specifico scatto e le motivazioni che hanno portato alla specifica selezione dell&#8217;immagine<\/span>.<br \/>Successivamente seguir\u00e0 una breve lettura da parte del socio Loris Giotto (quando presente), delegato dal gruppo in forza della sua esperienza e professionalit\u00e0, che servir\u00e0 ad aiutare tutti nel far crescere un pensiero critico e costruttivo che continuer\u00e0 con dare o chiedere un proprio contributo all&#8217;autore da parte di chi lo ritiene.<\/p>\r\n<p>\r\n\r\n<\/p>\r\n<p>In contemporanea, 3 giudici nominati ad estrazione ad inizio serata, esprimeranno un &#8220;voto personale&#8221; ma indiscutibile al fine di poter indicare le 3 immagini &#8220;pi\u00f9 significative&#8221; per il tema proposto dal concorso da riepilogarsi a fine serata.<\/p>\r\n<p>\r\n\r\n<\/p>\r\n<p>Lo scopo, come in passato, non \u00e8 quello di selezionare una &#8220;foto vincitrice&#8221;, piuttosto selezionare le &#8220;immagini pi\u00f9 significative&#8221; per imparare assieme a crescere guardando, pensando, selezionando.<\/p>\r\n<p>\r\n\r\n<\/p>\r\n<p>La novit\u00e0 della figura dei giudici, serve per dare pi\u00f9 spazio alla discussione sulle immagini senza utilizzare il tempo per una mera raccolta di voti, consapevoli che le opinioni dei giurati potrebbero non rappresentare la totalit\u00e0 delle opinioni dei presenti, ma certi che anche questo servir\u00e0 ad affinare la nostra capacit\u00e0 di analisi ed attenzione critica alle immagini.<\/p>\r\n<p>\r\n\r\n<\/p>\r\n<p>Con la sperata di vedervi sempre presenti e tutti partecipanti a questa iniziativa, ricordiamo che gli appuntamenti per questo 2020 sono 3:<\/p>\r\n<p>\r\n\r\n<\/p>\r\n<ol class=\"wp-block-list\">\r\n<li><span style=\"color: #ffff99;\"><strong>IL TEMPO DELL&#8217;INFINITO &#8211; luned\u00ec 2 marzo 2020<\/strong><\/span><\/li>\r\n<li><span style=\"color: #ffff99;\"><strong>I LUOGHI DELL&#8217;INFINITO &#8211; luned\u00ec 1 giugno 2020<\/strong><\/span><\/li>\r\n<li><span style=\"color: #ffff99;\"><strong>L&#8217;INFINITO DENTRO DI ME &#8211; luned\u00ec 5 ottobre 2020<\/strong><\/span><\/li>\r\n<\/ol>\r\n<p>&nbsp;<\/p>\r\n<p><span style=\"color: #ccffff;\"><strong>I CONCORSI VARRANNO PER ESPRIMERE IMMAGINI CHE SARANNO PROPOSTE NELLA EVENTUALE MOSTRA COLLETTIVA DEL 2021<\/strong><\/span><\/p>\r\n<p>\r\n\r\n\r\n\r\n<\/p>\r\n<p>\r\n\r\n<\/p>\r\n<p><\/p>\r\n\r\n\r\n\r\n\r\n\r\n\r\n\r\n\r\n\r\n\r\n","protected":false},"excerpt":{"rendered":"<p>CONCORSO INTERNO 2020 &#8211; REGOLAMENTO Carissimi soci, il &#8220;concorso&#8221; interno proposto in questi ultimi anni, come ben sapete ha sempre avuto lo scopo di stimolare ogni socio a far selezione fra le immagini che rispondessero ad un argomento, ad un genere o idea a seconda del tema scelto. Spesso nelle serate associative, vengono proposte tante [&hellip;]<\/p>\n","protected":false},"author":1,"featured_media":2613,"comment_status":"closed","ping_status":"closed","sticky":false,"template":"","format":"standard","meta":{"_jetpack_newsletter_access":"","_jetpack_dont_email_post_to_subs":false,"_jetpack_newsletter_tier_id":0,"_jetpack_memberships_contains_paywalled_content":false,"_jetpack_memberships_contains_paid_content":false,"footnotes":""},"categories":[17,19],"tags":[153,27,152],"class_list":["post-2605","post","type-post","status-publish","format-standard","has-post-thumbnail","hentry","category-associazione","category-concorso-interno","tag-153","tag-concorso-interno","tag-infinito"],"jetpack_sharing_enabled":true,"jetpack_shortlink":"https:\/\/wp.me\/p51gCz-G1","jetpack_featured_media_url":"https:\/\/i0.wp.com\/fotoclub.it\/wp-content\/uploads\/2020\/02\/infinito-800x540-1.jpg?fit=800%2C540&ssl=1","_links":{"self":[{"href":"https:\/\/fotoclub.it\/index.php\/wp-json\/wp\/v2\/posts\/2605","targetHints":{"allow":["GET"]}}],"collection":[{"href":"https:\/\/fotoclub.it\/index.php\/wp-json\/wp\/v2\/posts"}],"about":[{"href":"https:\/\/fotoclub.it\/index.php\/wp-json\/wp\/v2\/types\/post"}],"author":[{"embeddable":true,"href":"https:\/\/fotoclub.it\/index.php\/wp-json\/wp\/v2\/users\/1"}],"replies":[{"embeddable":true,"href":"https:\/\/fotoclub.it\/index.php\/wp-json\/wp\/v2\/comments?post=2605"}],"version-history":[{"count":0,"href":"https:\/\/fotoclub.it\/index.php\/wp-json\/wp\/v2\/posts\/2605\/revisions"}],"wp:featuredmedia":[{"embeddable":true,"href":"https:\/\/fotoclub.it\/index.php\/wp-json\/wp\/v2\/media\/2613"}],"wp:attachment":[{"href":"https:\/\/fotoclub.it\/index.php\/wp-json\/wp\/v2\/media?parent=2605"}],"wp:term":[{"taxonomy":"category","embeddable":true,"href":"https:\/\/fotoclub.it\/index.php\/wp-json\/wp\/v2\/categories?post=2605"},{"taxonomy":"post_tag","embeddable":true,"href":"https:\/\/fotoclub.it\/index.php\/wp-json\/wp\/v2\/tags?post=2605"}],"curies":[{"name":"wp","href":"https:\/\/api.w.org\/{rel}","templated":true}]}}