{"id":2548,"date":"2020-01-05T22:36:13","date_gmt":"2020-01-05T21:36:13","guid":{"rendered":"http:\/\/fotoclub.it\/?p=2548"},"modified":"2021-02-19T11:10:28","modified_gmt":"2021-02-19T10:10:28","slug":"e-online-il-programma-2018-2-2-2","status":"publish","type":"post","link":"https:\/\/fotoclub.it\/index.php\/2020\/01\/05\/e-online-il-programma-2018-2-2-2\/","title":{"rendered":"Tema 2020: l&#8217;INFINITO&#8217;"},"content":{"rendered":"<p>Avviso a tutti i soci<\/p>\n<p>Assieme al <a href=\"http:\/\/fotoclub.it\/index.php\/programma-2020\/\">programma delle attivit\u00e0\u00a0 2020<\/a> con le date ipotetiche previste o in previsione segnaliamo che il Fotoclub Sernaglia dedica questo 2020 all&#8217;INFINITO.<\/p>\n<p>L&#8217;INFINITO non \u00e8 solo quel simbolo dell&#8217;obiettivo che significa &#8220;messa a fuoco all&#8217;infinito&#8221;, non \u00e8 solo Iperfocale o &#8220;tutta la nitidezza possibile&#8221;, l&#8217;infinito \u00e8 uno stato d&#8217;animo, \u00e8 una ricerca, \u00e8 un punto, una visione che ognuno vede con occhi differenti, nuovi, singolari ed originali.<\/p>\n<p>&nbsp;<\/p>\n<p>L&#8217;infinito non \u00e8 solo il poema di Giacomo Leopardi (https:\/\/www.facebook.com\/watch\/?v=757194801450007) ma la poesia di Leopardi \u00e8 pi\u00f9 di una poesia, \u00e8 anche un fotografia sul mondo, sul &#8220;suo mondo&#8221;.<\/p>\n<p>E in ognuno dei mondi che sono dentro di noi c&#8217;\u00e8 un infinito, una storia infinita, un sogno infinito.<\/p>\n<p>Sicuramente, questo 2020 ci vedr\u00e0 cimentarci in una ricerca fotografica che dovremo spiegare, illustrare, raccontare perch\u00e9 quanto fotograferemo sar\u00e0 molto molto speciale per ognuno.<\/p>\n<p>&nbsp;<\/p>\n<p>&#8212;&#8212;&#8212;&#8212;&#8212;&#8212;&#8212;&#8212;&#8212;&#8212;&#8212;&#8212;&#8212;&#8212;&#8212;&#8212;&#8212;&#8212;&#8212;&#8212;&#8212;&#8212;&#8212;&#8212;&#8212;&#8212;&#8212;&#8212;&#8212;&#8212;&#8212;&#8212;&#8212;&#8212;&#8212;&#8212;&#8212;&#8212;&#8212;&#8212;&#8212;&#8212;&#8212;&#8212;&#8212;&#8212;&#8212;&#8212;&#8212;&#8212;&#8212;<\/p>\n<p><span style=\"color: #ffff00;\"><em><strong>Il tema 2020 non \u00e8 vincolante per i nostri soci, \u00e8 solo un invito a concentrarci nella realizzazione delle immagini, per comprendere meglio e pi\u00f9 profondamente, ci\u00f2 che ci sta attorno come cambia, evolve e si modifica&#8230; modificando noi stessi.<\/strong><\/em><\/span><\/p>\n","protected":false},"excerpt":{"rendered":"<p>Avviso a tutti i soci Assieme al programma delle attivit\u00e0\u00a0 2020 con le date ipotetiche previste o in previsione segnaliamo che il Fotoclub Sernaglia dedica questo 2020 all&#8217;INFINITO. L&#8217;INFINITO non \u00e8 solo quel simbolo dell&#8217;obiettivo che significa &#8220;messa a fuoco all&#8217;infinito&#8221;, non \u00e8 solo Iperfocale o &#8220;tutta la nitidezza possibile&#8221;, l&#8217;infinito \u00e8 uno stato d&#8217;animo, [&hellip;]<\/p>\n","protected":false},"author":1,"featured_media":2555,"comment_status":"closed","ping_status":"closed","sticky":false,"template":"","format":"standard","meta":{"_jetpack_newsletter_access":"","_jetpack_dont_email_post_to_subs":false,"_jetpack_newsletter_tier_id":0,"_jetpack_memberships_contains_paywalled_content":false,"_jetpack_memberships_contains_paid_content":false,"footnotes":""},"categories":[17,14],"tags":[45,91,137],"class_list":["post-2548","post","type-post","status-publish","format-standard","has-post-thumbnail","hentry","category-associazione","category-attivita","tag-attivita","tag-programma","tag-programma-2019"],"jetpack_sharing_enabled":true,"jetpack_shortlink":"https:\/\/wp.me\/p51gCz-F6","jetpack_featured_media_url":"https:\/\/i0.wp.com\/fotoclub.it\/wp-content\/uploads\/2019\/12\/simbolo-bagliore-lente-infinito_23-2147851770.jpg?fit=626%2C449&ssl=1","_links":{"self":[{"href":"https:\/\/fotoclub.it\/index.php\/wp-json\/wp\/v2\/posts\/2548","targetHints":{"allow":["GET"]}}],"collection":[{"href":"https:\/\/fotoclub.it\/index.php\/wp-json\/wp\/v2\/posts"}],"about":[{"href":"https:\/\/fotoclub.it\/index.php\/wp-json\/wp\/v2\/types\/post"}],"author":[{"embeddable":true,"href":"https:\/\/fotoclub.it\/index.php\/wp-json\/wp\/v2\/users\/1"}],"replies":[{"embeddable":true,"href":"https:\/\/fotoclub.it\/index.php\/wp-json\/wp\/v2\/comments?post=2548"}],"version-history":[{"count":0,"href":"https:\/\/fotoclub.it\/index.php\/wp-json\/wp\/v2\/posts\/2548\/revisions"}],"wp:featuredmedia":[{"embeddable":true,"href":"https:\/\/fotoclub.it\/index.php\/wp-json\/wp\/v2\/media\/2555"}],"wp:attachment":[{"href":"https:\/\/fotoclub.it\/index.php\/wp-json\/wp\/v2\/media?parent=2548"}],"wp:term":[{"taxonomy":"category","embeddable":true,"href":"https:\/\/fotoclub.it\/index.php\/wp-json\/wp\/v2\/categories?post=2548"},{"taxonomy":"post_tag","embeddable":true,"href":"https:\/\/fotoclub.it\/index.php\/wp-json\/wp\/v2\/tags?post=2548"}],"curies":[{"name":"wp","href":"https:\/\/api.w.org\/{rel}","templated":true}]}}