{"id":2507,"date":"2020-01-22T10:10:44","date_gmt":"2020-01-22T09:10:44","guid":{"rendered":"http:\/\/fotoclub.it\/?p=2507"},"modified":"2020-09-10T12:00:04","modified_gmt":"2020-09-10T10:00:04","slug":"25-anni-di-luce-mostra-fotografica","status":"publish","type":"post","link":"https:\/\/fotoclub.it\/index.php\/2020\/01\/22\/25-anni-di-luce-mostra-fotografica\/","title":{"rendered":"25 anni di &#8216;LUCE&#8217; &#8211; mostra fotografica"},"content":{"rendered":"<p>Il Fotoclub Sernaglia ha dedicato il 2019 alla &#8220;Luce&#8221;, elemento costitutivo di ogni immagine fotografica, come il nome stesso FotoGrafia ( disegnare con la luce ) spiega.<\/p>\n<p>Luce intesa come soggetto, come ricerca, come valore, come particolare&#8230; in pratica una luce ri-cercata.<\/p>\n<p>Tutto ci\u00f2 che vediamo \u00e8 riconoscibile attraverso la luce, ma l&#8217;uso di una forma di luce piuttosto che un&#8217;altra, di un giorno assolato piuttosto che nebbioso, di un &#8216;attimo a mezzogiorno piuttosto che a mezzanotte, di una fonte naturale piuttosto che artificiale determina la &#8216;ricerca&#8217; del fotografo che vuole imprimere a ci\u00f2 che riprende una particolare essenza.<\/p>\n<p>Seppur senza direttivit\u00e0 o indicazioni specifiche, quindi nella pi\u00f9 libera abilit\u00e0 tecnica e creativa, i soci si sono confrontati su questo tema nel corso attraverso 4 serata di concorso interno ed attraverso la visione di immagini e la loro discussione.<\/p>\n<p>Ne nasce una mostra fotografica, piccola, discreta: che vuol essere un omaggio prima di tutto al trovarci insieme per valorizzare le nostre immagini e il tempo speso a ricercarle ma anche un invito a riflettere su questo fenomeno fisico che rende &#8220;vive&#8221; la cose attorno a noi.<\/p>\n<p>Inaugurazione della mostra: 7 febbraio 2020<\/p>\n<p>Esposizione aperta il sabato ( orario 15.00-19.00 ) e la domenica ( 09.00-12.00 e 13.30-19) a partire da 7 febbraio e fino al 23 febbraio 2020<\/p>\n<p>Sede dell&#8217;esposizione: sala comunale di Sernaglia della Battaglia in Piazza Martiri.<\/p>\n<p>&nbsp;<\/p>\n<p><img data-recalc-dims=\"1\" loading=\"lazy\" decoding=\"async\" class=\"alignnone size-large wp-image-2564\" src=\"https:\/\/i0.wp.com\/fotoclub.it\/wp-content\/uploads\/2019\/12\/invito-25-anni-di-luce-1024x480.jpg?resize=850%2C398\" alt=\"\" width=\"850\" height=\"398\" srcset=\"https:\/\/i0.wp.com\/fotoclub.it\/wp-content\/uploads\/2019\/12\/invito-25-anni-di-luce.jpg?resize=1024%2C480&amp;ssl=1 1024w, https:\/\/i0.wp.com\/fotoclub.it\/wp-content\/uploads\/2019\/12\/invito-25-anni-di-luce.jpg?resize=300%2C141&amp;ssl=1 300w, https:\/\/i0.wp.com\/fotoclub.it\/wp-content\/uploads\/2019\/12\/invito-25-anni-di-luce.jpg?resize=768%2C360&amp;ssl=1 768w, https:\/\/i0.wp.com\/fotoclub.it\/wp-content\/uploads\/2019\/12\/invito-25-anni-di-luce.jpg?resize=1536%2C720&amp;ssl=1 1536w, https:\/\/i0.wp.com\/fotoclub.it\/wp-content\/uploads\/2019\/12\/invito-25-anni-di-luce.jpg?resize=150%2C70&amp;ssl=1 150w, https:\/\/i0.wp.com\/fotoclub.it\/wp-content\/uploads\/2019\/12\/invito-25-anni-di-luce.jpg?resize=1150%2C539&amp;ssl=1 1150w, https:\/\/i0.wp.com\/fotoclub.it\/wp-content\/uploads\/2019\/12\/invito-25-anni-di-luce.jpg?w=1600&amp;ssl=1 1600w\" sizes=\"auto, (max-width: 850px) 100vw, 850px\" \/> <img data-recalc-dims=\"1\" loading=\"lazy\" decoding=\"async\" class=\"alignnone size-large wp-image-2565\" src=\"https:\/\/i0.wp.com\/fotoclub.it\/wp-content\/uploads\/2019\/12\/mostra2020-1024x1024.jpg?resize=850%2C850\" alt=\"\" width=\"850\" height=\"850\" srcset=\"https:\/\/i0.wp.com\/fotoclub.it\/wp-content\/uploads\/2019\/12\/mostra2020.jpg?resize=1024%2C1024&amp;ssl=1 1024w, https:\/\/i0.wp.com\/fotoclub.it\/wp-content\/uploads\/2019\/12\/mostra2020.jpg?resize=300%2C300&amp;ssl=1 300w, https:\/\/i0.wp.com\/fotoclub.it\/wp-content\/uploads\/2019\/12\/mostra2020.jpg?resize=150%2C150&amp;ssl=1 150w, https:\/\/i0.wp.com\/fotoclub.it\/wp-content\/uploads\/2019\/12\/mostra2020.jpg?resize=768%2C768&amp;ssl=1 768w, https:\/\/i0.wp.com\/fotoclub.it\/wp-content\/uploads\/2019\/12\/mostra2020.jpg?resize=1536%2C1536&amp;ssl=1 1536w, https:\/\/i0.wp.com\/fotoclub.it\/wp-content\/uploads\/2019\/12\/mostra2020.jpg?resize=1150%2C1150&amp;ssl=1 1150w, https:\/\/i0.wp.com\/fotoclub.it\/wp-content\/uploads\/2019\/12\/mostra2020.jpg?w=1600&amp;ssl=1 1600w\" sizes=\"auto, (max-width: 850px) 100vw, 850px\" \/><\/p>\n","protected":false},"excerpt":{"rendered":"<p>Il Fotoclub Sernaglia ha dedicato il 2019 alla &#8220;Luce&#8221;, elemento costitutivo di ogni immagine fotografica, come il nome stesso FotoGrafia ( disegnare con la luce ) spiega. Luce intesa come soggetto, come ricerca, come valore, come particolare&#8230; in pratica una luce ri-cercata. Tutto ci\u00f2 che vediamo \u00e8 riconoscibile attraverso la luce, ma l&#8217;uso di una [&hellip;]<\/p>\n","protected":false},"author":1,"featured_media":2565,"comment_status":"closed","ping_status":"closed","sticky":false,"template":"","format":"standard","meta":{"_jetpack_newsletter_access":"","_jetpack_dont_email_post_to_subs":false,"_jetpack_newsletter_tier_id":0,"_jetpack_memberships_contains_paywalled_content":false,"_jetpack_memberships_contains_paid_content":false,"footnotes":""},"categories":[14,16],"tags":[150,140,120,151],"class_list":["post-2507","post","type-post","status-publish","format-standard","has-post-thumbnail","hentry","category-attivita","category-serate-pubbliche","tag-25-anni","tag-luce","tag-mostra-fotografica","tag-sernaglia"],"jetpack_sharing_enabled":true,"jetpack_shortlink":"https:\/\/wp.me\/p51gCz-Er","jetpack_featured_media_url":"https:\/\/i0.wp.com\/fotoclub.it\/wp-content\/uploads\/2019\/12\/mostra2020.jpg?fit=1600%2C1600&ssl=1","_links":{"self":[{"href":"https:\/\/fotoclub.it\/index.php\/wp-json\/wp\/v2\/posts\/2507","targetHints":{"allow":["GET"]}}],"collection":[{"href":"https:\/\/fotoclub.it\/index.php\/wp-json\/wp\/v2\/posts"}],"about":[{"href":"https:\/\/fotoclub.it\/index.php\/wp-json\/wp\/v2\/types\/post"}],"author":[{"embeddable":true,"href":"https:\/\/fotoclub.it\/index.php\/wp-json\/wp\/v2\/users\/1"}],"replies":[{"embeddable":true,"href":"https:\/\/fotoclub.it\/index.php\/wp-json\/wp\/v2\/comments?post=2507"}],"version-history":[{"count":0,"href":"https:\/\/fotoclub.it\/index.php\/wp-json\/wp\/v2\/posts\/2507\/revisions"}],"wp:featuredmedia":[{"embeddable":true,"href":"https:\/\/fotoclub.it\/index.php\/wp-json\/wp\/v2\/media\/2565"}],"wp:attachment":[{"href":"https:\/\/fotoclub.it\/index.php\/wp-json\/wp\/v2\/media?parent=2507"}],"wp:term":[{"taxonomy":"category","embeddable":true,"href":"https:\/\/fotoclub.it\/index.php\/wp-json\/wp\/v2\/categories?post=2507"},{"taxonomy":"post_tag","embeddable":true,"href":"https:\/\/fotoclub.it\/index.php\/wp-json\/wp\/v2\/tags?post=2507"}],"curies":[{"name":"wp","href":"https:\/\/api.w.org\/{rel}","templated":true}]}}