{"id":2340,"date":"2019-07-02T11:20:29","date_gmt":"2019-07-02T09:20:29","guid":{"rendered":"http:\/\/fotoclub.it\/?p=2340"},"modified":"2019-09-04T16:45:33","modified_gmt":"2019-09-04T14:45:33","slug":"20-07-il-fotoclub-in-viaggio","status":"publish","type":"post","link":"https:\/\/fotoclub.it\/index.php\/2019\/07\/02\/20-07-il-fotoclub-in-viaggio\/","title":{"rendered":"20.07 il Fotoclub in viaggio a Oggiona Santo Stefano"},"content":{"rendered":"<p>Una bella occasione per andare &#8220;fuori zona&#8221;.<\/p>\n<p>Il Fotoclub Le Cascine di Oggiona Santo Stefano (VA), ci accoglier\u00e0 per una serata di condivisione fotografica.<br \/>\nQualcuno di noi, portando con s\u00e9 alcune proiezioni che rappresentano il nostro territorio e la nostra storia, far\u00e0 questo piacevole viaggio per incontrare altri appassionati di fotografia.<\/p>\n<p>Promotore, complice e sostenitore di questa bellissima iniziativa il &#8220;nostro&#8221; e &#8220;loro&#8221; socio Luca Trotta.<\/p>\n<p>Luca, \u00e8 in Veneto per motivi da lavoro da qualche anno e la sua passione per la fotografia l&#8217;ha visto proporsi nel nostro gruppo qualche tempo fa e da allora partecipare con assiduit\u00e0.<br \/>\nLa sua passione per la fotografia per\u00f2 \u00e8 cominciata prima di arrivare qui, ed \u00e8 iniziata proprio con il Fotoclub Le Cascine di cui \u00e8 socio promotore dalla nascita del gruppo stesso.<\/p>\n<p>Si pu\u00f2 solo dire che la fotografia unisce&#8230; e fa incontrare.<br \/>\nQuindi viva la fotografia.<\/p>\n<p>&nbsp;<\/p>\n<p>In ricordo di questo piacevole incontro, una foto ricordo come d&#8217;obbligo.<\/p>\n<p><img data-recalc-dims=\"1\" loading=\"lazy\" decoding=\"async\" class=\"alignnone size-full wp-image-2357\" src=\"https:\/\/i0.wp.com\/fotoclub.it\/wp-content\/uploads\/2019\/07\/67665643_2356667987940818_7985238806297051136_n.jpg?resize=960%2C640\" alt=\"\" width=\"960\" height=\"640\" srcset=\"https:\/\/i0.wp.com\/fotoclub.it\/wp-content\/uploads\/2019\/07\/67665643_2356667987940818_7985238806297051136_n.jpg?w=960&amp;ssl=1 960w, https:\/\/i0.wp.com\/fotoclub.it\/wp-content\/uploads\/2019\/07\/67665643_2356667987940818_7985238806297051136_n.jpg?resize=300%2C200&amp;ssl=1 300w, https:\/\/i0.wp.com\/fotoclub.it\/wp-content\/uploads\/2019\/07\/67665643_2356667987940818_7985238806297051136_n.jpg?resize=768%2C512&amp;ssl=1 768w, https:\/\/i0.wp.com\/fotoclub.it\/wp-content\/uploads\/2019\/07\/67665643_2356667987940818_7985238806297051136_n.jpg?resize=150%2C100&amp;ssl=1 150w\" sizes=\"auto, (max-width: 960px) 100vw, 960px\" \/><\/p>\n","protected":false},"excerpt":{"rendered":"<p>Una bella occasione per andare &#8220;fuori zona&#8221;. Il Fotoclub Le Cascine di Oggiona Santo Stefano (VA), ci accoglier\u00e0 per una serata di condivisione fotografica. Qualcuno di noi, portando con s\u00e9 alcune proiezioni che rappresentano il nostro territorio e la nostra storia, far\u00e0 questo piacevole viaggio per incontrare altri appassionati di fotografia. Promotore, complice e sostenitore [&hellip;]<\/p>\n","protected":false},"author":1,"featured_media":2357,"comment_status":"closed","ping_status":"closed","sticky":false,"template":"","format":"standard","meta":{"_jetpack_newsletter_access":"","_jetpack_dont_email_post_to_subs":false,"_jetpack_newsletter_tier_id":0,"_jetpack_memberships_contains_paywalled_content":false,"_jetpack_memberships_contains_paid_content":false,"footnotes":""},"categories":[17,14,16,121],"tags":[147,5,4,148],"class_list":["post-2340","post","type-post","status-publish","format-standard","has-post-thumbnail","hentry","category-associazione","category-attivita","category-serate-pubbliche","category-storie-di-uomini","tag-fotoclub-le-cascine","tag-fotografia","tag-multivisione","tag-oggiona-santo-stefano"],"jetpack_sharing_enabled":true,"jetpack_shortlink":"https:\/\/wp.me\/p51gCz-BK","jetpack_featured_media_url":"https:\/\/i0.wp.com\/fotoclub.it\/wp-content\/uploads\/2019\/07\/67665643_2356667987940818_7985238806297051136_n.jpg?fit=960%2C640&ssl=1","_links":{"self":[{"href":"https:\/\/fotoclub.it\/index.php\/wp-json\/wp\/v2\/posts\/2340","targetHints":{"allow":["GET"]}}],"collection":[{"href":"https:\/\/fotoclub.it\/index.php\/wp-json\/wp\/v2\/posts"}],"about":[{"href":"https:\/\/fotoclub.it\/index.php\/wp-json\/wp\/v2\/types\/post"}],"author":[{"embeddable":true,"href":"https:\/\/fotoclub.it\/index.php\/wp-json\/wp\/v2\/users\/1"}],"replies":[{"embeddable":true,"href":"https:\/\/fotoclub.it\/index.php\/wp-json\/wp\/v2\/comments?post=2340"}],"version-history":[{"count":0,"href":"https:\/\/fotoclub.it\/index.php\/wp-json\/wp\/v2\/posts\/2340\/revisions"}],"wp:featuredmedia":[{"embeddable":true,"href":"https:\/\/fotoclub.it\/index.php\/wp-json\/wp\/v2\/media\/2357"}],"wp:attachment":[{"href":"https:\/\/fotoclub.it\/index.php\/wp-json\/wp\/v2\/media?parent=2340"}],"wp:term":[{"taxonomy":"category","embeddable":true,"href":"https:\/\/fotoclub.it\/index.php\/wp-json\/wp\/v2\/categories?post=2340"},{"taxonomy":"post_tag","embeddable":true,"href":"https:\/\/fotoclub.it\/index.php\/wp-json\/wp\/v2\/tags?post=2340"}],"curies":[{"name":"wp","href":"https:\/\/api.w.org\/{rel}","templated":true}]}}