{"id":2315,"date":"2019-06-10T15:01:19","date_gmt":"2019-06-10T13:01:19","guid":{"rendered":"http:\/\/fotoclub.it\/?p=2315"},"modified":"2019-12-30T10:11:49","modified_gmt":"2019-12-30T09:11:49","slug":"30-06-gita-a-piazzola-sul-brenta","status":"publish","type":"post","link":"https:\/\/fotoclub.it\/index.php\/2019\/06\/10\/30-06-gita-a-piazzola-sul-brenta\/","title":{"rendered":"30.06 Gita a Piazzola sul Brenta"},"content":{"rendered":"<p>Il programma 2019 prevede la prima &#8220;gita&#8221; ufficiale del Fotoclub Sernaglia.<br \/>\nPer &#8220;gita&#8221; intendiamo che per la prima volta utilizziamo un pullman e non i nostri mezzi per spostarci.<\/p>\n<p><strong>Cosa vuol dire?<\/strong><br \/>\nSegno dei tempi o dell&#8217;et\u00e0 che toglie la voglia di guidare?<br \/>\nNumero elevato di persone?<br \/>\nDesiderio di sicurezza e maggior relax?<\/p>\n<p>Un po&#8217; tutto e un po&#8217; niente.<br \/>\nLa meta non \u00e8 distante da Sernaglia della Battaglia (60km) ma la giornata sicuramente calda, il trasporto dell&#8217;attrezzatura, la presenza di molta gente visto che visitiamo uno dei mercatini pi\u00f9 importanti d&#8217;Italia e una visita guidata (facoltativa) alla bella Villa Contarini sicuramente ci vedranno carichi di una &#8220;sana&#8221; stanchezza alla sera e quindi rilassarci con qualche chiacchiera in pullman non potr\u00e0 che aiutarci a completare la giornata in bellezza.<\/p>\n<p><strong>Perch\u00e8 Piazzola sul Brenta?<\/strong><br \/>\nA Piazzola \u00e8 presente ogni fine mese un mercatino dell&#8217;antiquariato fra i pi\u00f9 grandi e famosi d&#8217;Italia.<br \/>\nEspositori amatoriali e professionali presentano prodotti d&#8217;antiquariato e vintage fra i pi\u00f9 differenti (dai mobili ai piccoli soprammobili passando attraverso dischi di musica, fumetti, libri, prodotti fotografici, stampe, materiale bellico e tanto altro).<br \/>\nElevatissimo il numero delle bancarelle (ed anche dei visitatori).<br \/>\nOgni (o quasi) venditore ha una grande passione per quello che vende e raccoglie che traspare soprattutto nelle prime ore della mattina quanto si pu\u00f2 utilizzare qualche minuto per parlare con loro.<\/p>\n<p>Un ambiente che offre sicuramente molti spunti fotografici e che pu\u00f2 comunque allietare e appassionare anche chi non fotografa.<br \/>\nSi tratta sicuramente di una fotografia non facile ma che pu\u00f2 aiutare ad affinare la nostra abilit\u00e0 di &#8220;selezione&#8221; e fornirci qualche inquadratura accattivante sia fra le persone che popolano l&#8217;ambiente che fra i tanti e singolari oggetti esposti.<\/p>\n<p>Con il Vintage, l&#8217;antiquariato e le situazioni da &#8220;street photography&#8221; sicuramente l&#8217;espressione in Bianco e Nero o con qualche viraggio anticato la faranno da padroni, ma anche la foto a colori pu\u00f2 trovare bella espressione di s\u00e9.<\/p>\n<p><img data-recalc-dims=\"1\" loading=\"lazy\" decoding=\"async\" class=\"alignnone size-large wp-image-2319\" src=\"https:\/\/i0.wp.com\/fotoclub.it\/wp-content\/uploads\/2019\/06\/003-1024x514.jpg?resize=850%2C427\" alt=\"\" width=\"850\" height=\"427\" srcset=\"https:\/\/i0.wp.com\/fotoclub.it\/wp-content\/uploads\/2019\/06\/003.jpg?resize=1024%2C514&amp;ssl=1 1024w, https:\/\/i0.wp.com\/fotoclub.it\/wp-content\/uploads\/2019\/06\/003.jpg?resize=300%2C151&amp;ssl=1 300w, https:\/\/i0.wp.com\/fotoclub.it\/wp-content\/uploads\/2019\/06\/003.jpg?resize=768%2C386&amp;ssl=1 768w, https:\/\/i0.wp.com\/fotoclub.it\/wp-content\/uploads\/2019\/06\/003.jpg?resize=150%2C75&amp;ssl=1 150w, https:\/\/i0.wp.com\/fotoclub.it\/wp-content\/uploads\/2019\/06\/003.jpg?resize=1150%2C577&amp;ssl=1 1150w\" sizes=\"auto, (max-width: 850px) 100vw, 850px\" \/><\/p>\n<p><strong>Tutto qui?<\/strong><br \/>\nCertamente no, a Piazzola sul Brenta c&#8217;\u00e8 anche Villa Contarini (la piazza di ingresso alla villa \u00e8 lo scenario alla parte pi\u00f9 storica del mercatino).<br \/>\nVilla Contarini \u00e8 una delle ville venete fra le pi\u00f9 grandi, \u00e8 di aspetto barocco e probabilmente il corpo centrale della villa stessa \u00e8 di Andrea Palladio che tanto ha dato al paesaggio urbano delle citt\u00e0 e delle campagne venete.<\/p>\n<p>Abbiamo previsto di poter fare una visita guidata alla villa (il costo del biglietto in gruppo \u00e8 agevolato a 7 euro invece dei 10 previsti normalmente) e al giardino.<br \/>\nIn villa no foto, ma nel giardino possiamo sbizzarrirci.<\/p>\n<p><strong>Chi pu\u00f2 partecipare?<\/strong><br \/>\nLa partecipazione non ha carattere riservato ma \u00e8 naturale che la precedenza vada a soci, corsisti e familiari che volessero aggiungersi.<\/p>\n<p><strong>Il costo del pullman \u00e8 di Euro 10,00 a persona.<\/strong><br \/>\n<strong>Il costo per la visita guidata <span style=\"color: #ffff00;\"><em>(facoltativa)<\/em><\/span> a Villa Contarini \u00e8 di Euro 7,00 a persona.<\/strong><\/p>\n<p><em>Vitto a discrezione di ognuno (pranzo a sacco o nei tanti bar e\/o chioschi attrezzati per il mercatino)<\/em><\/p>\n<p>&nbsp;<\/p>\n<h4><span style=\"color: #ffcc99;\">DATE PRESTO LA VOSTRA ADESIONE a info@fotoclub.it<\/span><\/h4>\n<p>&nbsp;<\/p>\n<p>L&#8217;attivit\u00e0 sia fotografica che di visita \u00e8 assolutamente libera (sar\u00e0 data qualche semplice informazione).<br \/>\nI vincoli di orario sono quelli del pullman e della visita guidata che sono tassativi, mentre per il resto, da soli, in coppia o in gruppetti ognuno pu\u00f2 muoversi in autonomia.<\/p>\n<p>&nbsp;<\/p>\n<p><img data-recalc-dims=\"1\" loading=\"lazy\" decoding=\"async\" class=\"alignnone size-large wp-image-2320\" src=\"https:\/\/i0.wp.com\/fotoclub.it\/wp-content\/uploads\/2019\/06\/001-1024x590.jpg?resize=850%2C490\" alt=\"\" width=\"850\" height=\"490\" srcset=\"https:\/\/i0.wp.com\/fotoclub.it\/wp-content\/uploads\/2019\/06\/001.jpg?resize=1024%2C590&amp;ssl=1 1024w, https:\/\/i0.wp.com\/fotoclub.it\/wp-content\/uploads\/2019\/06\/001.jpg?resize=300%2C173&amp;ssl=1 300w, https:\/\/i0.wp.com\/fotoclub.it\/wp-content\/uploads\/2019\/06\/001.jpg?resize=768%2C442&amp;ssl=1 768w, https:\/\/i0.wp.com\/fotoclub.it\/wp-content\/uploads\/2019\/06\/001.jpg?resize=150%2C86&amp;ssl=1 150w, https:\/\/i0.wp.com\/fotoclub.it\/wp-content\/uploads\/2019\/06\/001.jpg?resize=1150%2C663&amp;ssl=1 1150w\" sizes=\"auto, (max-width: 850px) 100vw, 850px\" \/><\/p>\n<p><img data-recalc-dims=\"1\" loading=\"lazy\" decoding=\"async\" class=\"alignnone size-large wp-image-2321\" src=\"https:\/\/i0.wp.com\/fotoclub.it\/wp-content\/uploads\/2019\/06\/002-1024x590.jpg?resize=850%2C490\" alt=\"\" width=\"850\" height=\"490\" srcset=\"https:\/\/i0.wp.com\/fotoclub.it\/wp-content\/uploads\/2019\/06\/002.jpg?resize=1024%2C590&amp;ssl=1 1024w, https:\/\/i0.wp.com\/fotoclub.it\/wp-content\/uploads\/2019\/06\/002.jpg?resize=300%2C173&amp;ssl=1 300w, https:\/\/i0.wp.com\/fotoclub.it\/wp-content\/uploads\/2019\/06\/002.jpg?resize=768%2C442&amp;ssl=1 768w, https:\/\/i0.wp.com\/fotoclub.it\/wp-content\/uploads\/2019\/06\/002.jpg?resize=150%2C86&amp;ssl=1 150w, https:\/\/i0.wp.com\/fotoclub.it\/wp-content\/uploads\/2019\/06\/002.jpg?resize=1150%2C663&amp;ssl=1 1150w\" sizes=\"auto, (max-width: 850px) 100vw, 850px\" \/><\/p>\n<p>&nbsp;<\/p>\n","protected":false},"excerpt":{"rendered":"<p>Il programma 2019 prevede la prima &#8220;gita&#8221; ufficiale del Fotoclub Sernaglia. Per &#8220;gita&#8221; intendiamo che per la prima volta utilizziamo un pullman e non i nostri mezzi per spostarci. Cosa vuol dire? Segno dei tempi o dell&#8217;et\u00e0 che toglie la voglia di guidare? Numero elevato di persone? Desiderio di sicurezza e maggior relax? Un po&#8217; [&hellip;]<\/p>\n","protected":false},"author":1,"featured_media":2320,"comment_status":"open","ping_status":"open","sticky":false,"template":"","format":"standard","meta":{"_jetpack_newsletter_access":"","_jetpack_dont_email_post_to_subs":false,"_jetpack_newsletter_tier_id":0,"_jetpack_memberships_contains_paywalled_content":false,"_jetpack_memberships_contains_paid_content":false,"footnotes":""},"categories":[17,14,97,15],"tags":[99,98,64,146,145],"class_list":["post-2315","post","type-post","status-publish","format-standard","has-post-thumbnail","hentry","category-associazione","category-attivita","category-corso-base","category-uscite-fotografiche","tag-attivita-associative","tag-corso-base","tag-formazione","tag-gita-sociale","tag-uscite-fotografiche"],"jetpack_sharing_enabled":true,"jetpack_shortlink":"https:\/\/wp.me\/p51gCz-Bl","jetpack_featured_media_url":"https:\/\/i0.wp.com\/fotoclub.it\/wp-content\/uploads\/2019\/06\/001.jpg?fit=2430%2C1400&ssl=1","_links":{"self":[{"href":"https:\/\/fotoclub.it\/index.php\/wp-json\/wp\/v2\/posts\/2315","targetHints":{"allow":["GET"]}}],"collection":[{"href":"https:\/\/fotoclub.it\/index.php\/wp-json\/wp\/v2\/posts"}],"about":[{"href":"https:\/\/fotoclub.it\/index.php\/wp-json\/wp\/v2\/types\/post"}],"author":[{"embeddable":true,"href":"https:\/\/fotoclub.it\/index.php\/wp-json\/wp\/v2\/users\/1"}],"replies":[{"embeddable":true,"href":"https:\/\/fotoclub.it\/index.php\/wp-json\/wp\/v2\/comments?post=2315"}],"version-history":[{"count":0,"href":"https:\/\/fotoclub.it\/index.php\/wp-json\/wp\/v2\/posts\/2315\/revisions"}],"wp:featuredmedia":[{"embeddable":true,"href":"https:\/\/fotoclub.it\/index.php\/wp-json\/wp\/v2\/media\/2320"}],"wp:attachment":[{"href":"https:\/\/fotoclub.it\/index.php\/wp-json\/wp\/v2\/media?parent=2315"}],"wp:term":[{"taxonomy":"category","embeddable":true,"href":"https:\/\/fotoclub.it\/index.php\/wp-json\/wp\/v2\/categories?post=2315"},{"taxonomy":"post_tag","embeddable":true,"href":"https:\/\/fotoclub.it\/index.php\/wp-json\/wp\/v2\/tags?post=2315"}],"curies":[{"name":"wp","href":"https:\/\/api.w.org\/{rel}","templated":true}]}}