{"id":2310,"date":"2019-06-03T17:31:42","date_gmt":"2019-06-03T15:31:42","guid":{"rendered":"http:\/\/fotoclub.it\/?p=2310"},"modified":"2022-02-21T18:22:39","modified_gmt":"2022-02-21T17:22:39","slug":"6-2019-senza-luce","status":"publish","type":"post","link":"https:\/\/fotoclub.it\/index.php\/2019\/06\/03\/6-2019-senza-luce\/","title":{"rendered":"06.2019 L&#8217;ASSENZA DELLA LUCE (concorso interno)"},"content":{"rendered":"<p>NUOVO CONCORSO INTERNO 2019<br \/>\nIl tema dell&#8217;anno 2019 \u00e8 &#8216;LUCE&#8217;: una indicazione generica ed ampia per lasciare spazio ad ogni genere ed ogni interpretazione.<br \/>\nCos\u00ec anche nei temi del concorso interno, quest&#8217;anno saranno introdotti temi interpretabili in modo ampio e generico ma con una particolare attenzione alla &#8216;LUCE&#8217; e ai differenti modi in cui essa si presenta al fotografo.<\/p>\n<p>Lo scopo \u00e8 &#8216;riconoscere&#8217; la luce nella nostra foto, essere consapevoli dell&#8217;illuminazione, per meglio affrontare la ripresa.<br \/>\nIl concorso cambia anche modo di &#8216;eleggere&#8217; le foto pi\u00f9 rappresentative: ci sar\u00e0 una giuria dal verdetto indiscutibile al fine esclusivo di indicare la precedenza di alcune immagini sulle altre, senza comunque fare considerazioni su vincitori e vinti in quanto lo scopo \u00e8 soprattutto &#8216;imparare a selezionare&#8217; e ora anche &#8216;imparare a comprendere come gli altri vedono le nostre immagini&#8217; e soprattutto per consentire di non utilizzare il tempo a disposizione per votare ma per discutere di fotografia.<\/p>\n<p>Ecco che la parte pi\u00f9 importante dell&#8217;attivit\u00e0 sar\u00e0 quella legata alla presentazione e discussione delle fotografia da parte dell&#8217;autore, poi da parte di Loris Giotto nella sua qualit\u00e0 professionale di educatore all&#8217;arte visiva e poi da parte dei soci che vorranno indicare qualche preziosit\u00e0 o qualche opinione costruttiva per la foto stessa.<\/p>\n<p>Il titolo del secondo appuntamento \u00e8: L&#8217;ASSENZA DELLA LUCE<br \/>\n<em>Il tema evidenzia tutti quei casi in cui la luce \u2018sembra\u2019 non essere presente o presente in modo molto lieve.<\/em><br \/>\n<em>E\u2019 il caso delle foto notturne (dal tramonto all\u2019alba) o di interni illuminati scarsamente.<\/em><br \/>\n<em>Lo scopo del tema \u00e8 acquisire consapevolezza sulle modalit\u00e0 operative adottate per la ripresa con poca luce e confrontarsi sui risultati ottenuti e sulle strategie.<\/em><\/p>\n<p>&nbsp;<\/p>\n<div class=\"tiled-gallery type-rectangular tiled-gallery-unresized\" data-original-width=\"1500\" data-carousel-extra='null' itemscope itemtype=\"http:\/\/schema.org\/ImageGallery\" > <div class=\"gallery-row\" style=\"width: 1500px; height: 275px;\" data-original-width=\"1500\" data-original-height=\"275\" > <div class=\"gallery-group images-1\" style=\"width: 679px; height: 275px;\" data-original-width=\"679\" data-original-height=\"275\" > <div class=\"tiled-gallery-item tiled-gallery-item-large\" itemprop=\"associatedMedia\" itemscope itemtype=\"http:\/\/schema.org\/ImageObject\"> <a href=\"https:\/\/fotoclub.it\/index.php\/2019\/06\/03\/6-2019-senza-luce\/10-luigidorigo_3-2\/\" border=\"0\" itemprop=\"url\"> <meta itemprop=\"width\" content=\"675\"> <meta itemprop=\"height\" content=\"271\"> <img decoding=\"async\" class=\"\" data-attachment-id=\"2389\" data-orig-file=\"https:\/\/fotoclub.it\/wp-content\/uploads\/2019\/06\/10-LuigiDorigo_3-2.jpg\" data-orig-size=\"1280,513\" data-comments-opened=\"1\" data-image-meta=\"{&quot;aperture&quot;:&quot;0&quot;,&quot;credit&quot;:&quot;&quot;,&quot;camera&quot;:&quot;&quot;,&quot;caption&quot;:&quot;&quot;,&quot;created_timestamp&quot;:&quot;0&quot;,&quot;copyright&quot;:&quot;&quot;,&quot;focal_length&quot;:&quot;0&quot;,&quot;iso&quot;:&quot;0&quot;,&quot;shutter_speed&quot;:&quot;0&quot;,&quot;title&quot;:&quot;&quot;,&quot;orientation&quot;:&quot;0&quot;}\" data-image-title=\"10 LuigiDorigo_3 (2)\" data-image-description=\"\" data-medium-file=\"https:\/\/i0.wp.com\/fotoclub.it\/wp-content\/uploads\/2019\/06\/10-LuigiDorigo_3-2.jpg?fit=300%2C120&#038;ssl=1\" data-large-file=\"https:\/\/i0.wp.com\/fotoclub.it\/wp-content\/uploads\/2019\/06\/10-LuigiDorigo_3-2.jpg?fit=1024%2C410&#038;ssl=1\" src=\"https:\/\/i0.wp.com\/fotoclub.it\/wp-content\/uploads\/2019\/06\/10-LuigiDorigo_3-2.jpg?w=675&#038;h=271&#038;ssl=1\" srcset=\"https:\/\/i0.wp.com\/fotoclub.it\/wp-content\/uploads\/2019\/06\/10-LuigiDorigo_3-2.jpg?w=1280&amp;ssl=1 1280w, https:\/\/i0.wp.com\/fotoclub.it\/wp-content\/uploads\/2019\/06\/10-LuigiDorigo_3-2.jpg?resize=300%2C120&amp;ssl=1 300w, https:\/\/i0.wp.com\/fotoclub.it\/wp-content\/uploads\/2019\/06\/10-LuigiDorigo_3-2.jpg?resize=768%2C308&amp;ssl=1 768w, https:\/\/i0.wp.com\/fotoclub.it\/wp-content\/uploads\/2019\/06\/10-LuigiDorigo_3-2.jpg?resize=1024%2C410&amp;ssl=1 1024w, https:\/\/i0.wp.com\/fotoclub.it\/wp-content\/uploads\/2019\/06\/10-LuigiDorigo_3-2.jpg?resize=150%2C60&amp;ssl=1 150w, https:\/\/i0.wp.com\/fotoclub.it\/wp-content\/uploads\/2019\/06\/10-LuigiDorigo_3-2.jpg?resize=1150%2C461&amp;ssl=1 1150w\" width=\"675\" height=\"271\" loading=\"lazy\" data-original-width=\"675\" data-original-height=\"271\" itemprop=\"http:\/\/schema.org\/image\" title=\"10 LuigiDorigo_3 (2)\" alt=\"Luigi Dorigo\" style=\"width: 675px; height: 271px;\" \/> <\/a> <div class=\"tiled-gallery-caption\" itemprop=\"caption description\"> Luigi Dorigo <\/div> <\/div> <\/div> <!-- close group --> <div class=\"gallery-group images-1\" style=\"width: 410px; height: 275px;\" data-original-width=\"410\" data-original-height=\"275\" > <div class=\"tiled-gallery-item tiled-gallery-item-large\" itemprop=\"associatedMedia\" itemscope itemtype=\"http:\/\/schema.org\/ImageObject\"> <a href=\"https:\/\/fotoclub.it\/index.php\/2019\/06\/03\/6-2019-senza-luce\/10-luigidorigo_3-1\/\" border=\"0\" itemprop=\"url\"> <meta itemprop=\"width\" content=\"406\"> <meta itemprop=\"height\" content=\"271\"> <img decoding=\"async\" class=\"\" data-attachment-id=\"2388\" data-orig-file=\"https:\/\/fotoclub.it\/wp-content\/uploads\/2019\/06\/10-LuigiDorigo_3-1.jpg\" data-orig-size=\"1280,853\" data-comments-opened=\"1\" data-image-meta=\"{&quot;aperture&quot;:&quot;0&quot;,&quot;credit&quot;:&quot;&quot;,&quot;camera&quot;:&quot;&quot;,&quot;caption&quot;:&quot;&quot;,&quot;created_timestamp&quot;:&quot;0&quot;,&quot;copyright&quot;:&quot;&quot;,&quot;focal_length&quot;:&quot;0&quot;,&quot;iso&quot;:&quot;0&quot;,&quot;shutter_speed&quot;:&quot;0&quot;,&quot;title&quot;:&quot;&quot;,&quot;orientation&quot;:&quot;0&quot;}\" data-image-title=\"10 LuigiDorigo_3 (1)\" data-image-description=\"\" data-medium-file=\"https:\/\/i0.wp.com\/fotoclub.it\/wp-content\/uploads\/2019\/06\/10-LuigiDorigo_3-1.jpg?fit=300%2C200&#038;ssl=1\" data-large-file=\"https:\/\/i0.wp.com\/fotoclub.it\/wp-content\/uploads\/2019\/06\/10-LuigiDorigo_3-1.jpg?fit=1024%2C682&#038;ssl=1\" src=\"https:\/\/i0.wp.com\/fotoclub.it\/wp-content\/uploads\/2019\/06\/10-LuigiDorigo_3-1.jpg?w=406&#038;h=271&#038;ssl=1\" srcset=\"https:\/\/i0.wp.com\/fotoclub.it\/wp-content\/uploads\/2019\/06\/10-LuigiDorigo_3-1.jpg?w=1280&amp;ssl=1 1280w, https:\/\/i0.wp.com\/fotoclub.it\/wp-content\/uploads\/2019\/06\/10-LuigiDorigo_3-1.jpg?resize=300%2C200&amp;ssl=1 300w, https:\/\/i0.wp.com\/fotoclub.it\/wp-content\/uploads\/2019\/06\/10-LuigiDorigo_3-1.jpg?resize=768%2C512&amp;ssl=1 768w, https:\/\/i0.wp.com\/fotoclub.it\/wp-content\/uploads\/2019\/06\/10-LuigiDorigo_3-1.jpg?resize=1024%2C682&amp;ssl=1 1024w, https:\/\/i0.wp.com\/fotoclub.it\/wp-content\/uploads\/2019\/06\/10-LuigiDorigo_3-1.jpg?resize=150%2C100&amp;ssl=1 150w, https:\/\/i0.wp.com\/fotoclub.it\/wp-content\/uploads\/2019\/06\/10-LuigiDorigo_3-1.jpg?resize=1150%2C766&amp;ssl=1 1150w\" width=\"406\" height=\"271\" loading=\"lazy\" data-original-width=\"406\" data-original-height=\"271\" itemprop=\"http:\/\/schema.org\/image\" title=\"10 LuigiDorigo_3 (1)\" alt=\"Luigi Dorigo\" style=\"width: 406px; height: 271px;\" \/> <\/a> <div class=\"tiled-gallery-caption\" itemprop=\"caption description\"> Luigi Dorigo <\/div> <\/div> <\/div> <!-- close group --> <div class=\"gallery-group images-1\" style=\"width: 411px; height: 275px;\" data-original-width=\"411\" data-original-height=\"275\" > <div class=\"tiled-gallery-item tiled-gallery-item-large\" itemprop=\"associatedMedia\" itemscope itemtype=\"http:\/\/schema.org\/ImageObject\"> <a href=\"https:\/\/fotoclub.it\/index.php\/2019\/06\/03\/6-2019-senza-luce\/01-dario-1\/\" border=\"0\" itemprop=\"url\"> <meta itemprop=\"width\" content=\"407\"> <meta itemprop=\"height\" content=\"271\"> <img decoding=\"async\" class=\"\" data-attachment-id=\"2373\" data-orig-file=\"https:\/\/fotoclub.it\/wp-content\/uploads\/2019\/06\/01-Dario-1.jpg\" data-orig-size=\"1280,852\" data-comments-opened=\"1\" data-image-meta=\"{&quot;aperture&quot;:&quot;6.3&quot;,&quot;credit&quot;:&quot;&quot;,&quot;camera&quot;:&quot;NIKON D700&quot;,&quot;caption&quot;:&quot;&quot;,&quot;created_timestamp&quot;:&quot;1534630852&quot;,&quot;copyright&quot;:&quot;&quot;,&quot;focal_length&quot;:&quot;24&quot;,&quot;iso&quot;:&quot;2500&quot;,&quot;shutter_speed&quot;:&quot;0.025&quot;,&quot;title&quot;:&quot;&quot;,&quot;orientation&quot;:&quot;0&quot;}\" data-image-title=\"01 Dario (1)\" data-image-description=\"\" data-medium-file=\"https:\/\/i0.wp.com\/fotoclub.it\/wp-content\/uploads\/2019\/06\/01-Dario-1.jpg?fit=300%2C200&#038;ssl=1\" data-large-file=\"https:\/\/i0.wp.com\/fotoclub.it\/wp-content\/uploads\/2019\/06\/01-Dario-1.jpg?fit=1024%2C682&#038;ssl=1\" src=\"https:\/\/i0.wp.com\/fotoclub.it\/wp-content\/uploads\/2019\/06\/01-Dario-1.jpg?w=407&#038;h=271&#038;ssl=1\" srcset=\"https:\/\/i0.wp.com\/fotoclub.it\/wp-content\/uploads\/2019\/06\/01-Dario-1.jpg?w=1280&amp;ssl=1 1280w, https:\/\/i0.wp.com\/fotoclub.it\/wp-content\/uploads\/2019\/06\/01-Dario-1.jpg?resize=300%2C200&amp;ssl=1 300w, https:\/\/i0.wp.com\/fotoclub.it\/wp-content\/uploads\/2019\/06\/01-Dario-1.jpg?resize=768%2C511&amp;ssl=1 768w, https:\/\/i0.wp.com\/fotoclub.it\/wp-content\/uploads\/2019\/06\/01-Dario-1.jpg?resize=1024%2C682&amp;ssl=1 1024w, https:\/\/i0.wp.com\/fotoclub.it\/wp-content\/uploads\/2019\/06\/01-Dario-1.jpg?resize=150%2C100&amp;ssl=1 150w, https:\/\/i0.wp.com\/fotoclub.it\/wp-content\/uploads\/2019\/06\/01-Dario-1.jpg?resize=1150%2C765&amp;ssl=1 1150w\" width=\"407\" height=\"271\" loading=\"lazy\" data-original-width=\"407\" data-original-height=\"271\" itemprop=\"http:\/\/schema.org\/image\" title=\"01 Dario (1)\" alt=\"Dario Lotteri\" style=\"width: 407px; height: 271px;\" \/> <\/a> <div class=\"tiled-gallery-caption\" itemprop=\"caption description\"> Dario Lotteri <\/div> <\/div> <\/div> <!-- close group --> <\/div> <!-- close row --> <div class=\"gallery-row\" style=\"width: 1500px; height: 667px;\" data-original-width=\"1500\" data-original-height=\"667\" > <div class=\"gallery-group images-1\" style=\"width: 1000px; height: 667px;\" data-original-width=\"1000\" data-original-height=\"667\" > <div class=\"tiled-gallery-item tiled-gallery-item-large\" itemprop=\"associatedMedia\" itemscope itemtype=\"http:\/\/schema.org\/ImageObject\"> <a href=\"https:\/\/fotoclub.it\/index.php\/2019\/06\/03\/6-2019-senza-luce\/01-dario-2\/\" border=\"0\" itemprop=\"url\"> <meta itemprop=\"width\" content=\"996\"> <meta itemprop=\"height\" content=\"663\"> <img decoding=\"async\" class=\"\" data-attachment-id=\"2374\" data-orig-file=\"https:\/\/fotoclub.it\/wp-content\/uploads\/2019\/06\/01-Dario-2.jpg\" data-orig-size=\"1280,852\" data-comments-opened=\"1\" data-image-meta=\"{&quot;aperture&quot;:&quot;5.6&quot;,&quot;credit&quot;:&quot;&quot;,&quot;camera&quot;:&quot;NIKON D700&quot;,&quot;caption&quot;:&quot;&quot;,&quot;created_timestamp&quot;:&quot;1508089765&quot;,&quot;copyright&quot;:&quot;&quot;,&quot;focal_length&quot;:&quot;70&quot;,&quot;iso&quot;:&quot;200&quot;,&quot;shutter_speed&quot;:&quot;0.008&quot;,&quot;title&quot;:&quot;&quot;,&quot;orientation&quot;:&quot;0&quot;}\" data-image-title=\"01 Dario (2)\" data-image-description=\"\" data-medium-file=\"https:\/\/i0.wp.com\/fotoclub.it\/wp-content\/uploads\/2019\/06\/01-Dario-2.jpg?fit=300%2C200&#038;ssl=1\" data-large-file=\"https:\/\/i0.wp.com\/fotoclub.it\/wp-content\/uploads\/2019\/06\/01-Dario-2.jpg?fit=1024%2C682&#038;ssl=1\" src=\"https:\/\/i0.wp.com\/fotoclub.it\/wp-content\/uploads\/2019\/06\/01-Dario-2.jpg?w=996&#038;h=663&#038;ssl=1\" srcset=\"https:\/\/i0.wp.com\/fotoclub.it\/wp-content\/uploads\/2019\/06\/01-Dario-2.jpg?w=1280&amp;ssl=1 1280w, https:\/\/i0.wp.com\/fotoclub.it\/wp-content\/uploads\/2019\/06\/01-Dario-2.jpg?resize=300%2C200&amp;ssl=1 300w, https:\/\/i0.wp.com\/fotoclub.it\/wp-content\/uploads\/2019\/06\/01-Dario-2.jpg?resize=768%2C511&amp;ssl=1 768w, https:\/\/i0.wp.com\/fotoclub.it\/wp-content\/uploads\/2019\/06\/01-Dario-2.jpg?resize=1024%2C682&amp;ssl=1 1024w, https:\/\/i0.wp.com\/fotoclub.it\/wp-content\/uploads\/2019\/06\/01-Dario-2.jpg?resize=150%2C100&amp;ssl=1 150w, https:\/\/i0.wp.com\/fotoclub.it\/wp-content\/uploads\/2019\/06\/01-Dario-2.jpg?resize=1150%2C765&amp;ssl=1 1150w\" width=\"996\" height=\"663\" loading=\"lazy\" data-original-width=\"996\" data-original-height=\"663\" itemprop=\"http:\/\/schema.org\/image\" title=\"01 Dario (2)\" alt=\"Dario Lotteri\" style=\"width: 996px; height: 663px;\" \/> <\/a> <div class=\"tiled-gallery-caption\" itemprop=\"caption description\"> Dario Lotteri <\/div> <\/div> <\/div> <!-- close group --> <div class=\"gallery-group images-2\" style=\"width: 500px; height: 667px;\" data-original-width=\"500\" data-original-height=\"667\" > <div class=\"tiled-gallery-item tiled-gallery-item-large\" itemprop=\"associatedMedia\" itemscope itemtype=\"http:\/\/schema.org\/ImageObject\"> <a href=\"https:\/\/fotoclub.it\/index.php\/2019\/06\/03\/6-2019-senza-luce\/01-dario-3\/\" border=\"0\" itemprop=\"url\"> <meta itemprop=\"width\" content=\"496\"> <meta itemprop=\"height\" content=\"330\"> <img decoding=\"async\" class=\"\" data-attachment-id=\"2375\" data-orig-file=\"https:\/\/fotoclub.it\/wp-content\/uploads\/2019\/06\/01-Dario-3.jpg\" data-orig-size=\"1280,852\" data-comments-opened=\"1\" data-image-meta=\"{&quot;aperture&quot;:&quot;2.8&quot;,&quot;credit&quot;:&quot;&quot;,&quot;camera&quot;:&quot;NIKON D700&quot;,&quot;caption&quot;:&quot;&quot;,&quot;created_timestamp&quot;:&quot;1435664817&quot;,&quot;copyright&quot;:&quot;&quot;,&quot;focal_length&quot;:&quot;70&quot;,&quot;iso&quot;:&quot;800&quot;,&quot;shutter_speed&quot;:&quot;0.5&quot;,&quot;title&quot;:&quot;&quot;,&quot;orientation&quot;:&quot;0&quot;}\" data-image-title=\"01 Dario (3)\" data-image-description=\"\" data-medium-file=\"https:\/\/i0.wp.com\/fotoclub.it\/wp-content\/uploads\/2019\/06\/01-Dario-3.jpg?fit=300%2C200&#038;ssl=1\" data-large-file=\"https:\/\/i0.wp.com\/fotoclub.it\/wp-content\/uploads\/2019\/06\/01-Dario-3.jpg?fit=1024%2C682&#038;ssl=1\" src=\"https:\/\/i0.wp.com\/fotoclub.it\/wp-content\/uploads\/2019\/06\/01-Dario-3.jpg?w=496&#038;h=330&#038;ssl=1\" srcset=\"https:\/\/i0.wp.com\/fotoclub.it\/wp-content\/uploads\/2019\/06\/01-Dario-3.jpg?w=1280&amp;ssl=1 1280w, https:\/\/i0.wp.com\/fotoclub.it\/wp-content\/uploads\/2019\/06\/01-Dario-3.jpg?resize=300%2C200&amp;ssl=1 300w, https:\/\/i0.wp.com\/fotoclub.it\/wp-content\/uploads\/2019\/06\/01-Dario-3.jpg?resize=768%2C511&amp;ssl=1 768w, https:\/\/i0.wp.com\/fotoclub.it\/wp-content\/uploads\/2019\/06\/01-Dario-3.jpg?resize=1024%2C682&amp;ssl=1 1024w, https:\/\/i0.wp.com\/fotoclub.it\/wp-content\/uploads\/2019\/06\/01-Dario-3.jpg?resize=150%2C100&amp;ssl=1 150w, https:\/\/i0.wp.com\/fotoclub.it\/wp-content\/uploads\/2019\/06\/01-Dario-3.jpg?resize=1150%2C765&amp;ssl=1 1150w\" width=\"496\" height=\"330\" loading=\"lazy\" data-original-width=\"496\" data-original-height=\"330\" itemprop=\"http:\/\/schema.org\/image\" title=\"01 Dario (3)\" alt=\"Dario Lotteri\" style=\"width: 496px; height: 330px;\" \/> <\/a> <div class=\"tiled-gallery-caption\" itemprop=\"caption description\"> Dario Lotteri <\/div> <\/div> <div class=\"tiled-gallery-item tiled-gallery-item-large\" itemprop=\"associatedMedia\" itemscope itemtype=\"http:\/\/schema.org\/ImageObject\"> <a href=\"https:\/\/fotoclub.it\/index.php\/2019\/06\/03\/6-2019-senza-luce\/02-antonio-saccol-3-1\/\" border=\"0\" itemprop=\"url\"> <meta itemprop=\"width\" content=\"496\"> <meta itemprop=\"height\" content=\"329\"> <img decoding=\"async\" class=\"\" data-attachment-id=\"2376\" data-orig-file=\"https:\/\/fotoclub.it\/wp-content\/uploads\/2019\/06\/02-Antonio-Saccol-3-1.jpg\" data-orig-size=\"1280,850\" data-comments-opened=\"1\" data-image-meta=\"{&quot;aperture&quot;:&quot;8&quot;,&quot;credit&quot;:&quot;&quot;,&quot;camera&quot;:&quot;NIKON D300&quot;,&quot;caption&quot;:&quot;&quot;,&quot;created_timestamp&quot;:&quot;1555877980&quot;,&quot;copyright&quot;:&quot;&quot;,&quot;focal_length&quot;:&quot;55&quot;,&quot;iso&quot;:&quot;200&quot;,&quot;shutter_speed&quot;:&quot;0.066666666666667&quot;,&quot;title&quot;:&quot;&quot;,&quot;orientation&quot;:&quot;0&quot;}\" data-image-title=\"02 Antonio Saccol 3 (1)\" data-image-description=\"\" data-medium-file=\"https:\/\/i0.wp.com\/fotoclub.it\/wp-content\/uploads\/2019\/06\/02-Antonio-Saccol-3-1.jpg?fit=300%2C199&#038;ssl=1\" data-large-file=\"https:\/\/i0.wp.com\/fotoclub.it\/wp-content\/uploads\/2019\/06\/02-Antonio-Saccol-3-1.jpg?fit=1024%2C680&#038;ssl=1\" src=\"https:\/\/i0.wp.com\/fotoclub.it\/wp-content\/uploads\/2019\/06\/02-Antonio-Saccol-3-1.jpg?w=496&#038;h=329&#038;ssl=1\" srcset=\"https:\/\/i0.wp.com\/fotoclub.it\/wp-content\/uploads\/2019\/06\/02-Antonio-Saccol-3-1.jpg?w=1280&amp;ssl=1 1280w, https:\/\/i0.wp.com\/fotoclub.it\/wp-content\/uploads\/2019\/06\/02-Antonio-Saccol-3-1.jpg?resize=300%2C199&amp;ssl=1 300w, https:\/\/i0.wp.com\/fotoclub.it\/wp-content\/uploads\/2019\/06\/02-Antonio-Saccol-3-1.jpg?resize=768%2C510&amp;ssl=1 768w, https:\/\/i0.wp.com\/fotoclub.it\/wp-content\/uploads\/2019\/06\/02-Antonio-Saccol-3-1.jpg?resize=1024%2C680&amp;ssl=1 1024w, https:\/\/i0.wp.com\/fotoclub.it\/wp-content\/uploads\/2019\/06\/02-Antonio-Saccol-3-1.jpg?resize=150%2C100&amp;ssl=1 150w, https:\/\/i0.wp.com\/fotoclub.it\/wp-content\/uploads\/2019\/06\/02-Antonio-Saccol-3-1.jpg?resize=1150%2C764&amp;ssl=1 1150w\" width=\"496\" height=\"329\" loading=\"lazy\" data-original-width=\"496\" data-original-height=\"329\" itemprop=\"http:\/\/schema.org\/image\" title=\"02 Antonio Saccol 3 (1)\" alt=\"Antonio Saccol\" style=\"width: 496px; height: 329px;\" \/> <\/a> <div class=\"tiled-gallery-caption\" itemprop=\"caption description\"> Antonio Saccol <\/div> <\/div> <\/div> <!-- close group --> <\/div> <!-- close row --> <div class=\"gallery-row\" style=\"width: 1500px; height: 668px;\" data-original-width=\"1500\" data-original-height=\"668\" > <div class=\"gallery-group images-2\" style=\"width: 501px; height: 668px;\" data-original-width=\"501\" data-original-height=\"668\" > <div class=\"tiled-gallery-item tiled-gallery-item-large\" itemprop=\"associatedMedia\" itemscope itemtype=\"http:\/\/schema.org\/ImageObject\"> <a href=\"https:\/\/fotoclub.it\/index.php\/2019\/06\/03\/6-2019-senza-luce\/02-antonio-saccol-3-2\/\" border=\"0\" itemprop=\"url\"> <meta itemprop=\"width\" content=\"497\"> <meta itemprop=\"height\" content=\"330\"> <img decoding=\"async\" class=\"\" data-attachment-id=\"2377\" data-orig-file=\"https:\/\/fotoclub.it\/wp-content\/uploads\/2019\/06\/02-Antonio-Saccol-3-2.jpg\" data-orig-size=\"1280,850\" data-comments-opened=\"1\" data-image-meta=\"{&quot;aperture&quot;:&quot;8&quot;,&quot;credit&quot;:&quot;&quot;,&quot;camera&quot;:&quot;NIKON D300&quot;,&quot;caption&quot;:&quot;&quot;,&quot;created_timestamp&quot;:&quot;1313099812&quot;,&quot;copyright&quot;:&quot;&quot;,&quot;focal_length&quot;:&quot;38&quot;,&quot;iso&quot;:&quot;200&quot;,&quot;shutter_speed&quot;:&quot;30&quot;,&quot;title&quot;:&quot;&quot;,&quot;orientation&quot;:&quot;0&quot;}\" data-image-title=\"02 Antonio Saccol 3 (2)\" data-image-description=\"\" data-medium-file=\"https:\/\/i0.wp.com\/fotoclub.it\/wp-content\/uploads\/2019\/06\/02-Antonio-Saccol-3-2.jpg?fit=300%2C199&#038;ssl=1\" data-large-file=\"https:\/\/i0.wp.com\/fotoclub.it\/wp-content\/uploads\/2019\/06\/02-Antonio-Saccol-3-2.jpg?fit=1024%2C680&#038;ssl=1\" src=\"https:\/\/i0.wp.com\/fotoclub.it\/wp-content\/uploads\/2019\/06\/02-Antonio-Saccol-3-2.jpg?w=497&#038;h=330&#038;ssl=1\" srcset=\"https:\/\/i0.wp.com\/fotoclub.it\/wp-content\/uploads\/2019\/06\/02-Antonio-Saccol-3-2.jpg?w=1280&amp;ssl=1 1280w, https:\/\/i0.wp.com\/fotoclub.it\/wp-content\/uploads\/2019\/06\/02-Antonio-Saccol-3-2.jpg?resize=300%2C199&amp;ssl=1 300w, https:\/\/i0.wp.com\/fotoclub.it\/wp-content\/uploads\/2019\/06\/02-Antonio-Saccol-3-2.jpg?resize=768%2C510&amp;ssl=1 768w, https:\/\/i0.wp.com\/fotoclub.it\/wp-content\/uploads\/2019\/06\/02-Antonio-Saccol-3-2.jpg?resize=1024%2C680&amp;ssl=1 1024w, https:\/\/i0.wp.com\/fotoclub.it\/wp-content\/uploads\/2019\/06\/02-Antonio-Saccol-3-2.jpg?resize=150%2C100&amp;ssl=1 150w, https:\/\/i0.wp.com\/fotoclub.it\/wp-content\/uploads\/2019\/06\/02-Antonio-Saccol-3-2.jpg?resize=1150%2C764&amp;ssl=1 1150w\" width=\"497\" height=\"330\" loading=\"lazy\" data-original-width=\"497\" data-original-height=\"330\" itemprop=\"http:\/\/schema.org\/image\" title=\"02 Antonio Saccol 3 (2)\" alt=\"Antonio Saccol\" style=\"width: 497px; height: 330px;\" \/> <\/a> <div class=\"tiled-gallery-caption\" itemprop=\"caption description\"> Antonio Saccol <\/div> <\/div> <div class=\"tiled-gallery-item tiled-gallery-item-large\" itemprop=\"associatedMedia\" itemscope itemtype=\"http:\/\/schema.org\/ImageObject\"> <a href=\"https:\/\/fotoclub.it\/index.php\/2019\/06\/03\/6-2019-senza-luce\/02-antonio-saccol-3-3\/\" border=\"0\" itemprop=\"url\"> <meta itemprop=\"width\" content=\"497\"> <meta itemprop=\"height\" content=\"330\"> <img decoding=\"async\" class=\"\" data-attachment-id=\"2378\" data-orig-file=\"https:\/\/fotoclub.it\/wp-content\/uploads\/2019\/06\/02-Antonio-Saccol-3-3.jpg\" data-orig-size=\"1280,850\" data-comments-opened=\"1\" data-image-meta=\"{&quot;aperture&quot;:&quot;22&quot;,&quot;credit&quot;:&quot;&quot;,&quot;camera&quot;:&quot;NIKON D300&quot;,&quot;caption&quot;:&quot;&quot;,&quot;created_timestamp&quot;:&quot;1527887770&quot;,&quot;copyright&quot;:&quot;&quot;,&quot;focal_length&quot;:&quot;28&quot;,&quot;iso&quot;:&quot;200&quot;,&quot;shutter_speed&quot;:&quot;10&quot;,&quot;title&quot;:&quot;&quot;,&quot;orientation&quot;:&quot;0&quot;}\" data-image-title=\"02 Antonio Saccol 3 (3)\" data-image-description=\"\" data-medium-file=\"https:\/\/i0.wp.com\/fotoclub.it\/wp-content\/uploads\/2019\/06\/02-Antonio-Saccol-3-3.jpg?fit=300%2C199&#038;ssl=1\" data-large-file=\"https:\/\/i0.wp.com\/fotoclub.it\/wp-content\/uploads\/2019\/06\/02-Antonio-Saccol-3-3.jpg?fit=1024%2C680&#038;ssl=1\" src=\"https:\/\/i0.wp.com\/fotoclub.it\/wp-content\/uploads\/2019\/06\/02-Antonio-Saccol-3-3.jpg?w=497&#038;h=330&#038;ssl=1\" srcset=\"https:\/\/i0.wp.com\/fotoclub.it\/wp-content\/uploads\/2019\/06\/02-Antonio-Saccol-3-3.jpg?w=1280&amp;ssl=1 1280w, https:\/\/i0.wp.com\/fotoclub.it\/wp-content\/uploads\/2019\/06\/02-Antonio-Saccol-3-3.jpg?resize=300%2C199&amp;ssl=1 300w, https:\/\/i0.wp.com\/fotoclub.it\/wp-content\/uploads\/2019\/06\/02-Antonio-Saccol-3-3.jpg?resize=768%2C510&amp;ssl=1 768w, https:\/\/i0.wp.com\/fotoclub.it\/wp-content\/uploads\/2019\/06\/02-Antonio-Saccol-3-3.jpg?resize=1024%2C680&amp;ssl=1 1024w, https:\/\/i0.wp.com\/fotoclub.it\/wp-content\/uploads\/2019\/06\/02-Antonio-Saccol-3-3.jpg?resize=150%2C100&amp;ssl=1 150w, https:\/\/i0.wp.com\/fotoclub.it\/wp-content\/uploads\/2019\/06\/02-Antonio-Saccol-3-3.jpg?resize=1150%2C764&amp;ssl=1 1150w\" width=\"497\" height=\"330\" loading=\"lazy\" data-original-width=\"497\" data-original-height=\"330\" itemprop=\"http:\/\/schema.org\/image\" title=\"02 Antonio Saccol 3 (3)\" alt=\"Antonio Saccol\" style=\"width: 497px; height: 330px;\" \/> <\/a> <div class=\"tiled-gallery-caption\" itemprop=\"caption description\"> Antonio Saccol <\/div> <\/div> <\/div> <!-- close group --> <div class=\"gallery-group images-1\" style=\"width: 999px; height: 668px;\" data-original-width=\"999\" data-original-height=\"668\" > <div class=\"tiled-gallery-item tiled-gallery-item-large\" itemprop=\"associatedMedia\" itemscope itemtype=\"http:\/\/schema.org\/ImageObject\"> <a href=\"https:\/\/fotoclub.it\/index.php\/2019\/06\/03\/6-2019-senza-luce\/03-rinaldo-1\/\" border=\"0\" itemprop=\"url\"> <meta itemprop=\"width\" content=\"995\"> <meta itemprop=\"height\" content=\"664\"> <img decoding=\"async\" class=\"\" data-attachment-id=\"2379\" data-orig-file=\"https:\/\/fotoclub.it\/wp-content\/uploads\/2019\/06\/03-Rinaldo-1.jpg\" data-orig-size=\"1280,854\" data-comments-opened=\"1\" data-image-meta=\"{&quot;aperture&quot;:&quot;5.6&quot;,&quot;credit&quot;:&quot;RC&quot;,&quot;camera&quot;:&quot;Canon EOS 7D&quot;,&quot;caption&quot;:&quot;&quot;,&quot;created_timestamp&quot;:&quot;1443471924&quot;,&quot;copyright&quot;:&quot;&quot;,&quot;focal_length&quot;:&quot;17&quot;,&quot;iso&quot;:&quot;800&quot;,&quot;shutter_speed&quot;:&quot;27&quot;,&quot;title&quot;:&quot;&quot;,&quot;orientation&quot;:&quot;0&quot;}\" data-image-title=\"03 Rinaldo (1)\" data-image-description=\"\" data-medium-file=\"https:\/\/i0.wp.com\/fotoclub.it\/wp-content\/uploads\/2019\/06\/03-Rinaldo-1.jpg?fit=300%2C200&#038;ssl=1\" data-large-file=\"https:\/\/i0.wp.com\/fotoclub.it\/wp-content\/uploads\/2019\/06\/03-Rinaldo-1.jpg?fit=1024%2C683&#038;ssl=1\" src=\"https:\/\/i0.wp.com\/fotoclub.it\/wp-content\/uploads\/2019\/06\/03-Rinaldo-1.jpg?w=995&#038;h=664&#038;ssl=1\" srcset=\"https:\/\/i0.wp.com\/fotoclub.it\/wp-content\/uploads\/2019\/06\/03-Rinaldo-1.jpg?w=1280&amp;ssl=1 1280w, https:\/\/i0.wp.com\/fotoclub.it\/wp-content\/uploads\/2019\/06\/03-Rinaldo-1.jpg?resize=300%2C200&amp;ssl=1 300w, https:\/\/i0.wp.com\/fotoclub.it\/wp-content\/uploads\/2019\/06\/03-Rinaldo-1.jpg?resize=768%2C512&amp;ssl=1 768w, https:\/\/i0.wp.com\/fotoclub.it\/wp-content\/uploads\/2019\/06\/03-Rinaldo-1.jpg?resize=1024%2C683&amp;ssl=1 1024w, https:\/\/i0.wp.com\/fotoclub.it\/wp-content\/uploads\/2019\/06\/03-Rinaldo-1.jpg?resize=150%2C100&amp;ssl=1 150w, https:\/\/i0.wp.com\/fotoclub.it\/wp-content\/uploads\/2019\/06\/03-Rinaldo-1.jpg?resize=1150%2C767&amp;ssl=1 1150w\" width=\"995\" height=\"664\" loading=\"lazy\" data-original-width=\"995\" data-original-height=\"664\" itemprop=\"http:\/\/schema.org\/image\" title=\"03 Rinaldo (1)\" alt=\"Rinaldo Checuz\" style=\"width: 995px; height: 664px;\" \/> <\/a> <div class=\"tiled-gallery-caption\" itemprop=\"caption description\"> Rinaldo Checuz <\/div> <\/div> <\/div> <!-- close group --> <\/div> <!-- close row --> <div class=\"gallery-row\" style=\"width: 1500px; height: 501px;\" data-original-width=\"1500\" data-original-height=\"501\" > <div class=\"gallery-group images-1\" style=\"width: 750px; height: 501px;\" data-original-width=\"750\" data-original-height=\"501\" > <div class=\"tiled-gallery-item tiled-gallery-item-large\" itemprop=\"associatedMedia\" itemscope itemtype=\"http:\/\/schema.org\/ImageObject\"> <a href=\"https:\/\/fotoclub.it\/index.php\/2019\/06\/03\/6-2019-senza-luce\/03-rinaldo-2\/\" border=\"0\" itemprop=\"url\"> <meta itemprop=\"width\" content=\"746\"> <meta itemprop=\"height\" content=\"497\"> <img decoding=\"async\" class=\"\" data-attachment-id=\"2380\" data-orig-file=\"https:\/\/fotoclub.it\/wp-content\/uploads\/2019\/06\/03-Rinaldo-2.jpg\" data-orig-size=\"1280,853\" data-comments-opened=\"1\" data-image-meta=\"{&quot;aperture&quot;:&quot;5&quot;,&quot;credit&quot;:&quot;&quot;,&quot;camera&quot;:&quot;Canon EOS 5D Mark IV&quot;,&quot;caption&quot;:&quot;&quot;,&quot;created_timestamp&quot;:&quot;1533442576&quot;,&quot;copyright&quot;:&quot;&quot;,&quot;focal_length&quot;:&quot;85&quot;,&quot;iso&quot;:&quot;1000&quot;,&quot;shutter_speed&quot;:&quot;1&quot;,&quot;title&quot;:&quot;&quot;,&quot;orientation&quot;:&quot;0&quot;}\" data-image-title=\"03 Rinaldo (2)\" data-image-description=\"\" data-medium-file=\"https:\/\/i0.wp.com\/fotoclub.it\/wp-content\/uploads\/2019\/06\/03-Rinaldo-2.jpg?fit=300%2C200&#038;ssl=1\" data-large-file=\"https:\/\/i0.wp.com\/fotoclub.it\/wp-content\/uploads\/2019\/06\/03-Rinaldo-2.jpg?fit=1024%2C682&#038;ssl=1\" src=\"https:\/\/i0.wp.com\/fotoclub.it\/wp-content\/uploads\/2019\/06\/03-Rinaldo-2.jpg?w=746&#038;h=497&#038;ssl=1\" srcset=\"https:\/\/i0.wp.com\/fotoclub.it\/wp-content\/uploads\/2019\/06\/03-Rinaldo-2.jpg?w=1280&amp;ssl=1 1280w, https:\/\/i0.wp.com\/fotoclub.it\/wp-content\/uploads\/2019\/06\/03-Rinaldo-2.jpg?resize=300%2C200&amp;ssl=1 300w, https:\/\/i0.wp.com\/fotoclub.it\/wp-content\/uploads\/2019\/06\/03-Rinaldo-2.jpg?resize=768%2C512&amp;ssl=1 768w, https:\/\/i0.wp.com\/fotoclub.it\/wp-content\/uploads\/2019\/06\/03-Rinaldo-2.jpg?resize=1024%2C682&amp;ssl=1 1024w, https:\/\/i0.wp.com\/fotoclub.it\/wp-content\/uploads\/2019\/06\/03-Rinaldo-2.jpg?resize=150%2C100&amp;ssl=1 150w, https:\/\/i0.wp.com\/fotoclub.it\/wp-content\/uploads\/2019\/06\/03-Rinaldo-2.jpg?resize=1150%2C766&amp;ssl=1 1150w\" width=\"746\" height=\"497\" loading=\"lazy\" data-original-width=\"746\" data-original-height=\"497\" itemprop=\"http:\/\/schema.org\/image\" title=\"03 Rinaldo (2)\" alt=\"Rinaldo Checuz\" style=\"width: 746px; height: 497px;\" \/> <\/a> <div class=\"tiled-gallery-caption\" itemprop=\"caption description\"> Rinaldo Checuz <\/div> <\/div> <\/div> <!-- close group --> <div class=\"gallery-group images-1\" style=\"width: 750px; height: 501px;\" data-original-width=\"750\" data-original-height=\"501\" > <div class=\"tiled-gallery-item tiled-gallery-item-large\" itemprop=\"associatedMedia\" itemscope itemtype=\"http:\/\/schema.org\/ImageObject\"> <a href=\"https:\/\/fotoclub.it\/index.php\/2019\/06\/03\/6-2019-senza-luce\/03-rinaldo-3\/\" border=\"0\" itemprop=\"url\"> <meta itemprop=\"width\" content=\"746\"> <meta itemprop=\"height\" content=\"497\"> <img decoding=\"async\" class=\"\" data-attachment-id=\"2381\" data-orig-file=\"https:\/\/fotoclub.it\/wp-content\/uploads\/2019\/06\/03-Rinaldo-3.jpg\" data-orig-size=\"1280,853\" data-comments-opened=\"1\" data-image-meta=\"{&quot;aperture&quot;:&quot;3.2&quot;,&quot;credit&quot;:&quot;&quot;,&quot;camera&quot;:&quot;Canon EOS 5D Mark IV&quot;,&quot;caption&quot;:&quot;&quot;,&quot;created_timestamp&quot;:&quot;1535472426&quot;,&quot;copyright&quot;:&quot;&quot;,&quot;focal_length&quot;:&quot;24&quot;,&quot;iso&quot;:&quot;5000&quot;,&quot;shutter_speed&quot;:&quot;0.01&quot;,&quot;title&quot;:&quot;&quot;,&quot;orientation&quot;:&quot;0&quot;}\" data-image-title=\"03 Rinaldo (3)\" data-image-description=\"\" data-medium-file=\"https:\/\/i0.wp.com\/fotoclub.it\/wp-content\/uploads\/2019\/06\/03-Rinaldo-3.jpg?fit=300%2C200&#038;ssl=1\" data-large-file=\"https:\/\/i0.wp.com\/fotoclub.it\/wp-content\/uploads\/2019\/06\/03-Rinaldo-3.jpg?fit=1024%2C682&#038;ssl=1\" src=\"https:\/\/i0.wp.com\/fotoclub.it\/wp-content\/uploads\/2019\/06\/03-Rinaldo-3.jpg?w=746&#038;h=497&#038;ssl=1\" srcset=\"https:\/\/i0.wp.com\/fotoclub.it\/wp-content\/uploads\/2019\/06\/03-Rinaldo-3.jpg?w=1280&amp;ssl=1 1280w, https:\/\/i0.wp.com\/fotoclub.it\/wp-content\/uploads\/2019\/06\/03-Rinaldo-3.jpg?resize=300%2C200&amp;ssl=1 300w, https:\/\/i0.wp.com\/fotoclub.it\/wp-content\/uploads\/2019\/06\/03-Rinaldo-3.jpg?resize=768%2C512&amp;ssl=1 768w, https:\/\/i0.wp.com\/fotoclub.it\/wp-content\/uploads\/2019\/06\/03-Rinaldo-3.jpg?resize=1024%2C682&amp;ssl=1 1024w, https:\/\/i0.wp.com\/fotoclub.it\/wp-content\/uploads\/2019\/06\/03-Rinaldo-3.jpg?resize=150%2C100&amp;ssl=1 150w, https:\/\/i0.wp.com\/fotoclub.it\/wp-content\/uploads\/2019\/06\/03-Rinaldo-3.jpg?resize=1150%2C766&amp;ssl=1 1150w\" width=\"746\" height=\"497\" loading=\"lazy\" data-original-width=\"746\" data-original-height=\"497\" itemprop=\"http:\/\/schema.org\/image\" title=\"03 Rinaldo (3)\" alt=\"Rinaldo Checuz\" style=\"width: 746px; height: 497px;\" \/> <\/a> <div class=\"tiled-gallery-caption\" itemprop=\"caption description\"> Rinaldo Checuz <\/div> <\/div> <\/div> <!-- close group --> <\/div> <!-- close row --> <div class=\"gallery-row\" style=\"width: 1500px; height: 283px;\" data-original-width=\"1500\" data-original-height=\"283\" > <div class=\"gallery-group images-1\" style=\"width: 500px; height: 283px;\" data-original-width=\"500\" data-original-height=\"283\" > <div class=\"tiled-gallery-item tiled-gallery-item-large\" itemprop=\"associatedMedia\" itemscope itemtype=\"http:\/\/schema.org\/ImageObject\"> <a href=\"https:\/\/fotoclub.it\/index.php\/2019\/06\/03\/6-2019-senza-luce\/04-giuseppe-1-1\/\" border=\"0\" itemprop=\"url\"> <meta itemprop=\"width\" content=\"496\"> <meta itemprop=\"height\" content=\"279\"> <img decoding=\"async\" class=\"\" data-attachment-id=\"2382\" data-orig-file=\"https:\/\/fotoclub.it\/wp-content\/uploads\/2019\/06\/04-GIUSEPPE-1-1.jpg\" data-orig-size=\"1280,720\" data-comments-opened=\"1\" data-image-meta=\"{&quot;aperture&quot;:&quot;5.3&quot;,&quot;credit&quot;:&quot;&quot;,&quot;camera&quot;:&quot;NIKON D750&quot;,&quot;caption&quot;:&quot;&quot;,&quot;created_timestamp&quot;:&quot;1445712076&quot;,&quot;copyright&quot;:&quot;&quot;,&quot;focal_length&quot;:&quot;98&quot;,&quot;iso&quot;:&quot;2000&quot;,&quot;shutter_speed&quot;:&quot;0.033333333333333&quot;,&quot;title&quot;:&quot;&quot;,&quot;orientation&quot;:&quot;0&quot;}\" data-image-title=\"04 GIUSEPPE-1 (1)\" data-image-description=\"\" data-medium-file=\"https:\/\/i0.wp.com\/fotoclub.it\/wp-content\/uploads\/2019\/06\/04-GIUSEPPE-1-1.jpg?fit=300%2C169&#038;ssl=1\" data-large-file=\"https:\/\/i0.wp.com\/fotoclub.it\/wp-content\/uploads\/2019\/06\/04-GIUSEPPE-1-1.jpg?fit=1024%2C576&#038;ssl=1\" src=\"https:\/\/i0.wp.com\/fotoclub.it\/wp-content\/uploads\/2019\/06\/04-GIUSEPPE-1-1.jpg?w=496&#038;h=279&#038;ssl=1\" srcset=\"https:\/\/i0.wp.com\/fotoclub.it\/wp-content\/uploads\/2019\/06\/04-GIUSEPPE-1-1.jpg?w=1280&amp;ssl=1 1280w, https:\/\/i0.wp.com\/fotoclub.it\/wp-content\/uploads\/2019\/06\/04-GIUSEPPE-1-1.jpg?resize=300%2C169&amp;ssl=1 300w, https:\/\/i0.wp.com\/fotoclub.it\/wp-content\/uploads\/2019\/06\/04-GIUSEPPE-1-1.jpg?resize=768%2C432&amp;ssl=1 768w, https:\/\/i0.wp.com\/fotoclub.it\/wp-content\/uploads\/2019\/06\/04-GIUSEPPE-1-1.jpg?resize=1024%2C576&amp;ssl=1 1024w, https:\/\/i0.wp.com\/fotoclub.it\/wp-content\/uploads\/2019\/06\/04-GIUSEPPE-1-1.jpg?resize=150%2C84&amp;ssl=1 150w, https:\/\/i0.wp.com\/fotoclub.it\/wp-content\/uploads\/2019\/06\/04-GIUSEPPE-1-1.jpg?resize=1150%2C647&amp;ssl=1 1150w\" width=\"496\" height=\"279\" loading=\"lazy\" data-original-width=\"496\" data-original-height=\"279\" itemprop=\"http:\/\/schema.org\/image\" title=\"04 GIUSEPPE-1 (1)\" alt=\"Giuseppe Fedato\" style=\"width: 496px; height: 279px;\" \/> <\/a> <div class=\"tiled-gallery-caption\" itemprop=\"caption description\"> Giuseppe Fedato <\/div> <\/div> <\/div> <!-- close group --> <div class=\"gallery-group images-1\" style=\"width: 500px; height: 283px;\" data-original-width=\"500\" data-original-height=\"283\" > <div class=\"tiled-gallery-item tiled-gallery-item-large\" itemprop=\"associatedMedia\" itemscope itemtype=\"http:\/\/schema.org\/ImageObject\"> <a href=\"https:\/\/fotoclub.it\/index.php\/2019\/06\/03\/6-2019-senza-luce\/04-giuseppe-1-2\/\" border=\"0\" itemprop=\"url\"> <meta itemprop=\"width\" content=\"496\"> <meta itemprop=\"height\" content=\"279\"> <img decoding=\"async\" class=\"\" data-attachment-id=\"2383\" data-orig-file=\"https:\/\/fotoclub.it\/wp-content\/uploads\/2019\/06\/04-GIUSEPPE-1-2.jpg\" data-orig-size=\"1280,720\" data-comments-opened=\"1\" data-image-meta=\"{&quot;aperture&quot;:&quot;3.5&quot;,&quot;credit&quot;:&quot;&quot;,&quot;camera&quot;:&quot;NIKON D750&quot;,&quot;caption&quot;:&quot;&quot;,&quot;created_timestamp&quot;:&quot;1445712687&quot;,&quot;copyright&quot;:&quot;&quot;,&quot;focal_length&quot;:&quot;28&quot;,&quot;iso&quot;:&quot;2000&quot;,&quot;shutter_speed&quot;:&quot;0.1&quot;,&quot;title&quot;:&quot;&quot;,&quot;orientation&quot;:&quot;0&quot;}\" data-image-title=\"04 GIUSEPPE-1 (2)\" data-image-description=\"\" data-medium-file=\"https:\/\/i0.wp.com\/fotoclub.it\/wp-content\/uploads\/2019\/06\/04-GIUSEPPE-1-2.jpg?fit=300%2C169&#038;ssl=1\" data-large-file=\"https:\/\/i0.wp.com\/fotoclub.it\/wp-content\/uploads\/2019\/06\/04-GIUSEPPE-1-2.jpg?fit=1024%2C576&#038;ssl=1\" src=\"https:\/\/i0.wp.com\/fotoclub.it\/wp-content\/uploads\/2019\/06\/04-GIUSEPPE-1-2.jpg?w=496&#038;h=279&#038;ssl=1\" srcset=\"https:\/\/i0.wp.com\/fotoclub.it\/wp-content\/uploads\/2019\/06\/04-GIUSEPPE-1-2.jpg?w=1280&amp;ssl=1 1280w, https:\/\/i0.wp.com\/fotoclub.it\/wp-content\/uploads\/2019\/06\/04-GIUSEPPE-1-2.jpg?resize=300%2C169&amp;ssl=1 300w, https:\/\/i0.wp.com\/fotoclub.it\/wp-content\/uploads\/2019\/06\/04-GIUSEPPE-1-2.jpg?resize=768%2C432&amp;ssl=1 768w, https:\/\/i0.wp.com\/fotoclub.it\/wp-content\/uploads\/2019\/06\/04-GIUSEPPE-1-2.jpg?resize=1024%2C576&amp;ssl=1 1024w, https:\/\/i0.wp.com\/fotoclub.it\/wp-content\/uploads\/2019\/06\/04-GIUSEPPE-1-2.jpg?resize=150%2C84&amp;ssl=1 150w, https:\/\/i0.wp.com\/fotoclub.it\/wp-content\/uploads\/2019\/06\/04-GIUSEPPE-1-2.jpg?resize=1150%2C647&amp;ssl=1 1150w\" width=\"496\" height=\"279\" loading=\"lazy\" data-original-width=\"496\" data-original-height=\"279\" itemprop=\"http:\/\/schema.org\/image\" title=\"04 GIUSEPPE-1 (2)\" alt=\"Giuseppe Fedato\" style=\"width: 496px; height: 279px;\" \/> <\/a> <div class=\"tiled-gallery-caption\" itemprop=\"caption description\"> Giuseppe Fedato <\/div> <\/div> <\/div> <!-- close group --> <div class=\"gallery-group images-1\" style=\"width: 500px; height: 283px;\" data-original-width=\"500\" data-original-height=\"283\" > <div class=\"tiled-gallery-item tiled-gallery-item-large\" itemprop=\"associatedMedia\" itemscope itemtype=\"http:\/\/schema.org\/ImageObject\"> <a href=\"https:\/\/fotoclub.it\/index.php\/2019\/06\/03\/6-2019-senza-luce\/04-giuseppe-1-3\/\" border=\"0\" itemprop=\"url\"> <meta itemprop=\"width\" content=\"496\"> <meta itemprop=\"height\" content=\"279\"> <img decoding=\"async\" class=\"\" data-attachment-id=\"2384\" data-orig-file=\"https:\/\/fotoclub.it\/wp-content\/uploads\/2019\/06\/04-GIUSEPPE-1-3.jpg\" data-orig-size=\"1280,720\" data-comments-opened=\"1\" data-image-meta=\"{&quot;aperture&quot;:&quot;9&quot;,&quot;credit&quot;:&quot;&quot;,&quot;camera&quot;:&quot;NIKON D750&quot;,&quot;caption&quot;:&quot;&quot;,&quot;created_timestamp&quot;:&quot;1445756639&quot;,&quot;copyright&quot;:&quot;&quot;,&quot;focal_length&quot;:&quot;28&quot;,&quot;iso&quot;:&quot;500&quot;,&quot;shutter_speed&quot;:&quot;6&quot;,&quot;title&quot;:&quot;&quot;,&quot;orientation&quot;:&quot;0&quot;}\" data-image-title=\"04 GIUSEPPE-1 (3)\" data-image-description=\"\" data-medium-file=\"https:\/\/i0.wp.com\/fotoclub.it\/wp-content\/uploads\/2019\/06\/04-GIUSEPPE-1-3.jpg?fit=300%2C169&#038;ssl=1\" data-large-file=\"https:\/\/i0.wp.com\/fotoclub.it\/wp-content\/uploads\/2019\/06\/04-GIUSEPPE-1-3.jpg?fit=1024%2C576&#038;ssl=1\" src=\"https:\/\/i0.wp.com\/fotoclub.it\/wp-content\/uploads\/2019\/06\/04-GIUSEPPE-1-3.jpg?w=496&#038;h=279&#038;ssl=1\" srcset=\"https:\/\/i0.wp.com\/fotoclub.it\/wp-content\/uploads\/2019\/06\/04-GIUSEPPE-1-3.jpg?w=1280&amp;ssl=1 1280w, https:\/\/i0.wp.com\/fotoclub.it\/wp-content\/uploads\/2019\/06\/04-GIUSEPPE-1-3.jpg?resize=300%2C169&amp;ssl=1 300w, https:\/\/i0.wp.com\/fotoclub.it\/wp-content\/uploads\/2019\/06\/04-GIUSEPPE-1-3.jpg?resize=768%2C432&amp;ssl=1 768w, https:\/\/i0.wp.com\/fotoclub.it\/wp-content\/uploads\/2019\/06\/04-GIUSEPPE-1-3.jpg?resize=1024%2C576&amp;ssl=1 1024w, https:\/\/i0.wp.com\/fotoclub.it\/wp-content\/uploads\/2019\/06\/04-GIUSEPPE-1-3.jpg?resize=150%2C84&amp;ssl=1 150w, https:\/\/i0.wp.com\/fotoclub.it\/wp-content\/uploads\/2019\/06\/04-GIUSEPPE-1-3.jpg?resize=1150%2C647&amp;ssl=1 1150w\" width=\"496\" height=\"279\" loading=\"lazy\" data-original-width=\"496\" data-original-height=\"279\" itemprop=\"http:\/\/schema.org\/image\" title=\"04 GIUSEPPE-1 (3)\" alt=\"Giuseppe Fedato\" style=\"width: 496px; height: 279px;\" \/> <\/a> <div class=\"tiled-gallery-caption\" itemprop=\"caption description\"> Giuseppe Fedato <\/div> <\/div> <\/div> <!-- close group --> <\/div> <!-- close row --> <div class=\"gallery-row\" style=\"width: 1500px; height: 669px;\" data-original-width=\"1500\" data-original-height=\"669\" > <div class=\"gallery-group images-1\" style=\"width: 1001px; height: 669px;\" data-original-width=\"1001\" data-original-height=\"669\" > <div class=\"tiled-gallery-item tiled-gallery-item-large\" itemprop=\"associatedMedia\" itemscope itemtype=\"http:\/\/schema.org\/ImageObject\"> <a href=\"https:\/\/fotoclub.it\/index.php\/2019\/06\/03\/6-2019-senza-luce\/05-gian-3\/\" border=\"0\" itemprop=\"url\"> <meta itemprop=\"width\" content=\"997\"> <meta itemprop=\"height\" content=\"665\"> <img decoding=\"async\" class=\"\" data-attachment-id=\"2385\" data-orig-file=\"https:\/\/fotoclub.it\/wp-content\/uploads\/2019\/06\/05-Gian-3.jpg\" data-orig-size=\"1280,854\" data-comments-opened=\"1\" data-image-meta=\"{&quot;aperture&quot;:&quot;5.6&quot;,&quot;credit&quot;:&quot;&quot;,&quot;camera&quot;:&quot;NIKON D600&quot;,&quot;caption&quot;:&quot;&quot;,&quot;created_timestamp&quot;:&quot;1553199214&quot;,&quot;copyright&quot;:&quot;&quot;,&quot;focal_length&quot;:&quot;250&quot;,&quot;iso&quot;:&quot;2500&quot;,&quot;shutter_speed&quot;:&quot;0.5&quot;,&quot;title&quot;:&quot;&quot;,&quot;orientation&quot;:&quot;0&quot;}\" data-image-title=\"05 Gian (3)\" data-image-description=\"\" data-medium-file=\"https:\/\/i0.wp.com\/fotoclub.it\/wp-content\/uploads\/2019\/06\/05-Gian-3.jpg?fit=300%2C200&#038;ssl=1\" data-large-file=\"https:\/\/i0.wp.com\/fotoclub.it\/wp-content\/uploads\/2019\/06\/05-Gian-3.jpg?fit=1024%2C683&#038;ssl=1\" src=\"https:\/\/i0.wp.com\/fotoclub.it\/wp-content\/uploads\/2019\/06\/05-Gian-3.jpg?w=997&#038;h=665&#038;ssl=1\" srcset=\"https:\/\/i0.wp.com\/fotoclub.it\/wp-content\/uploads\/2019\/06\/05-Gian-3.jpg?w=1280&amp;ssl=1 1280w, https:\/\/i0.wp.com\/fotoclub.it\/wp-content\/uploads\/2019\/06\/05-Gian-3.jpg?resize=300%2C200&amp;ssl=1 300w, https:\/\/i0.wp.com\/fotoclub.it\/wp-content\/uploads\/2019\/06\/05-Gian-3.jpg?resize=768%2C512&amp;ssl=1 768w, https:\/\/i0.wp.com\/fotoclub.it\/wp-content\/uploads\/2019\/06\/05-Gian-3.jpg?resize=1024%2C683&amp;ssl=1 1024w, https:\/\/i0.wp.com\/fotoclub.it\/wp-content\/uploads\/2019\/06\/05-Gian-3.jpg?resize=150%2C100&amp;ssl=1 150w, https:\/\/i0.wp.com\/fotoclub.it\/wp-content\/uploads\/2019\/06\/05-Gian-3.jpg?resize=1150%2C767&amp;ssl=1 1150w\" width=\"997\" height=\"665\" loading=\"lazy\" data-original-width=\"997\" data-original-height=\"665\" itemprop=\"http:\/\/schema.org\/image\" title=\"05 Gian (3)\" alt=\"Gianangelo Breda\" style=\"width: 997px; height: 665px;\" \/> <\/a> <div class=\"tiled-gallery-caption\" itemprop=\"caption description\"> Gianangelo Breda <\/div> <\/div> <\/div> <!-- close group --> <div class=\"gallery-group images-2\" style=\"width: 499px; height: 669px;\" data-original-width=\"499\" data-original-height=\"669\" > <div class=\"tiled-gallery-item tiled-gallery-item-large\" itemprop=\"associatedMedia\" itemscope itemtype=\"http:\/\/schema.org\/ImageObject\"> <a href=\"https:\/\/fotoclub.it\/index.php\/2019\/06\/03\/6-2019-senza-luce\/05-gian-4\/\" border=\"0\" itemprop=\"url\"> <meta itemprop=\"width\" content=\"495\"> <meta itemprop=\"height\" content=\"331\"> <img decoding=\"async\" class=\"\" data-attachment-id=\"2386\" data-orig-file=\"https:\/\/fotoclub.it\/wp-content\/uploads\/2019\/06\/05-Gian-4.jpg\" data-orig-size=\"1280,854\" data-comments-opened=\"1\" data-image-meta=\"{&quot;aperture&quot;:&quot;5.6&quot;,&quot;credit&quot;:&quot;&quot;,&quot;camera&quot;:&quot;NIKON D600&quot;,&quot;caption&quot;:&quot;&quot;,&quot;created_timestamp&quot;:&quot;1553197912&quot;,&quot;copyright&quot;:&quot;&quot;,&quot;focal_length&quot;:&quot;140&quot;,&quot;iso&quot;:&quot;1000&quot;,&quot;shutter_speed&quot;:&quot;0.25&quot;,&quot;title&quot;:&quot;&quot;,&quot;orientation&quot;:&quot;0&quot;}\" data-image-title=\"05 Gian (4)\" data-image-description=\"\" data-medium-file=\"https:\/\/i0.wp.com\/fotoclub.it\/wp-content\/uploads\/2019\/06\/05-Gian-4.jpg?fit=300%2C200&#038;ssl=1\" data-large-file=\"https:\/\/i0.wp.com\/fotoclub.it\/wp-content\/uploads\/2019\/06\/05-Gian-4.jpg?fit=1024%2C683&#038;ssl=1\" src=\"https:\/\/i0.wp.com\/fotoclub.it\/wp-content\/uploads\/2019\/06\/05-Gian-4.jpg?w=495&#038;h=331&#038;ssl=1\" srcset=\"https:\/\/i0.wp.com\/fotoclub.it\/wp-content\/uploads\/2019\/06\/05-Gian-4.jpg?w=1280&amp;ssl=1 1280w, https:\/\/i0.wp.com\/fotoclub.it\/wp-content\/uploads\/2019\/06\/05-Gian-4.jpg?resize=300%2C200&amp;ssl=1 300w, https:\/\/i0.wp.com\/fotoclub.it\/wp-content\/uploads\/2019\/06\/05-Gian-4.jpg?resize=768%2C512&amp;ssl=1 768w, https:\/\/i0.wp.com\/fotoclub.it\/wp-content\/uploads\/2019\/06\/05-Gian-4.jpg?resize=1024%2C683&amp;ssl=1 1024w, https:\/\/i0.wp.com\/fotoclub.it\/wp-content\/uploads\/2019\/06\/05-Gian-4.jpg?resize=150%2C100&amp;ssl=1 150w, https:\/\/i0.wp.com\/fotoclub.it\/wp-content\/uploads\/2019\/06\/05-Gian-4.jpg?resize=1150%2C767&amp;ssl=1 1150w\" width=\"495\" height=\"331\" loading=\"lazy\" data-original-width=\"495\" data-original-height=\"331\" itemprop=\"http:\/\/schema.org\/image\" title=\"05 Gian (4)\" alt=\"Gianangelo Breda\" style=\"width: 495px; height: 331px;\" \/> <\/a> <div class=\"tiled-gallery-caption\" itemprop=\"caption description\"> Gianangelo Breda <\/div> <\/div> <div class=\"tiled-gallery-item tiled-gallery-item-large\" itemprop=\"associatedMedia\" itemscope itemtype=\"http:\/\/schema.org\/ImageObject\"> <a href=\"https:\/\/fotoclub.it\/index.php\/2019\/06\/03\/6-2019-senza-luce\/05-gian-5\/\" border=\"0\" itemprop=\"url\"> <meta itemprop=\"width\" content=\"495\"> <meta itemprop=\"height\" content=\"330\"> <img decoding=\"async\" class=\"\" data-attachment-id=\"2387\" data-orig-file=\"https:\/\/fotoclub.it\/wp-content\/uploads\/2019\/06\/05-Gian-5.jpg\" data-orig-size=\"1280,854\" data-comments-opened=\"1\" data-image-meta=\"{&quot;aperture&quot;:&quot;5.6&quot;,&quot;credit&quot;:&quot;&quot;,&quot;camera&quot;:&quot;NIKON D600&quot;,&quot;caption&quot;:&quot;&quot;,&quot;created_timestamp&quot;:&quot;1553199037&quot;,&quot;copyright&quot;:&quot;&quot;,&quot;focal_length&quot;:&quot;140&quot;,&quot;iso&quot;:&quot;2500&quot;,&quot;shutter_speed&quot;:&quot;0.5&quot;,&quot;title&quot;:&quot;&quot;,&quot;orientation&quot;:&quot;0&quot;}\" data-image-title=\"05 Gian (5)\" data-image-description=\"\" data-medium-file=\"https:\/\/i0.wp.com\/fotoclub.it\/wp-content\/uploads\/2019\/06\/05-Gian-5.jpg?fit=300%2C200&#038;ssl=1\" data-large-file=\"https:\/\/i0.wp.com\/fotoclub.it\/wp-content\/uploads\/2019\/06\/05-Gian-5.jpg?fit=1024%2C683&#038;ssl=1\" src=\"https:\/\/i0.wp.com\/fotoclub.it\/wp-content\/uploads\/2019\/06\/05-Gian-5.jpg?w=495&#038;h=330&#038;ssl=1\" srcset=\"https:\/\/i0.wp.com\/fotoclub.it\/wp-content\/uploads\/2019\/06\/05-Gian-5.jpg?w=1280&amp;ssl=1 1280w, https:\/\/i0.wp.com\/fotoclub.it\/wp-content\/uploads\/2019\/06\/05-Gian-5.jpg?resize=300%2C200&amp;ssl=1 300w, https:\/\/i0.wp.com\/fotoclub.it\/wp-content\/uploads\/2019\/06\/05-Gian-5.jpg?resize=768%2C512&amp;ssl=1 768w, https:\/\/i0.wp.com\/fotoclub.it\/wp-content\/uploads\/2019\/06\/05-Gian-5.jpg?resize=1024%2C683&amp;ssl=1 1024w, https:\/\/i0.wp.com\/fotoclub.it\/wp-content\/uploads\/2019\/06\/05-Gian-5.jpg?resize=150%2C100&amp;ssl=1 150w, https:\/\/i0.wp.com\/fotoclub.it\/wp-content\/uploads\/2019\/06\/05-Gian-5.jpg?resize=1150%2C767&amp;ssl=1 1150w\" width=\"495\" height=\"330\" loading=\"lazy\" data-original-width=\"495\" data-original-height=\"330\" itemprop=\"http:\/\/schema.org\/image\" title=\"05 Gian (5)\" alt=\"Gianangelo Breda\" style=\"width: 495px; height: 330px;\" \/> <\/a> <div class=\"tiled-gallery-caption\" itemprop=\"caption description\"> Gianangelo Breda <\/div> <\/div> <\/div> <!-- close group --> <\/div> <!-- close row --> <div class=\"gallery-row\" style=\"width: 1500px; height: 251px;\" data-original-width=\"1500\" data-original-height=\"251\" > <div class=\"gallery-group images-1\" style=\"width: 375px; height: 251px;\" data-original-width=\"375\" data-original-height=\"251\" > <div class=\"tiled-gallery-item tiled-gallery-item-large\" itemprop=\"associatedMedia\" itemscope itemtype=\"http:\/\/schema.org\/ImageObject\"> <a href=\"https:\/\/fotoclub.it\/index.php\/2019\/06\/03\/6-2019-senza-luce\/11-emanuele-2\/\" border=\"0\" itemprop=\"url\"> <meta itemprop=\"width\" content=\"371\"> <meta itemprop=\"height\" content=\"247\"> <img decoding=\"async\" class=\"\" data-attachment-id=\"2390\" data-orig-file=\"https:\/\/fotoclub.it\/wp-content\/uploads\/2019\/06\/11-Emanuele-2.jpg\" data-orig-size=\"1280,853\" data-comments-opened=\"1\" data-image-meta=\"{&quot;aperture&quot;:&quot;2.8&quot;,&quot;credit&quot;:&quot;&quot;,&quot;camera&quot;:&quot;NIKON D5300&quot;,&quot;caption&quot;:&quot;&quot;,&quot;created_timestamp&quot;:&quot;1475621398&quot;,&quot;copyright&quot;:&quot;&quot;,&quot;focal_length&quot;:&quot;17&quot;,&quot;iso&quot;:&quot;3200&quot;,&quot;shutter_speed&quot;:&quot;20&quot;,&quot;title&quot;:&quot;&quot;,&quot;orientation&quot;:&quot;0&quot;}\" data-image-title=\"11 Emanuele (2)\" data-image-description=\"\" data-medium-file=\"https:\/\/i0.wp.com\/fotoclub.it\/wp-content\/uploads\/2019\/06\/11-Emanuele-2.jpg?fit=300%2C200&#038;ssl=1\" data-large-file=\"https:\/\/i0.wp.com\/fotoclub.it\/wp-content\/uploads\/2019\/06\/11-Emanuele-2.jpg?fit=1024%2C682&#038;ssl=1\" src=\"https:\/\/i0.wp.com\/fotoclub.it\/wp-content\/uploads\/2019\/06\/11-Emanuele-2.jpg?w=371&#038;h=247&#038;ssl=1\" srcset=\"https:\/\/i0.wp.com\/fotoclub.it\/wp-content\/uploads\/2019\/06\/11-Emanuele-2.jpg?w=1280&amp;ssl=1 1280w, https:\/\/i0.wp.com\/fotoclub.it\/wp-content\/uploads\/2019\/06\/11-Emanuele-2.jpg?resize=300%2C200&amp;ssl=1 300w, https:\/\/i0.wp.com\/fotoclub.it\/wp-content\/uploads\/2019\/06\/11-Emanuele-2.jpg?resize=768%2C512&amp;ssl=1 768w, https:\/\/i0.wp.com\/fotoclub.it\/wp-content\/uploads\/2019\/06\/11-Emanuele-2.jpg?resize=1024%2C682&amp;ssl=1 1024w, https:\/\/i0.wp.com\/fotoclub.it\/wp-content\/uploads\/2019\/06\/11-Emanuele-2.jpg?resize=150%2C100&amp;ssl=1 150w, https:\/\/i0.wp.com\/fotoclub.it\/wp-content\/uploads\/2019\/06\/11-Emanuele-2.jpg?resize=1150%2C766&amp;ssl=1 1150w\" width=\"371\" height=\"247\" loading=\"lazy\" data-original-width=\"371\" data-original-height=\"247\" itemprop=\"http:\/\/schema.org\/image\" title=\"11 Emanuele (2)\" alt=\"Emanuele Masutti\" style=\"width: 371px; height: 247px;\" \/> <\/a> <div class=\"tiled-gallery-caption\" itemprop=\"caption description\"> Emanuele Masutti <\/div> <\/div> <\/div> <!-- close group --> <div class=\"gallery-group images-1\" style=\"width: 375px; height: 251px;\" data-original-width=\"375\" data-original-height=\"251\" > <div class=\"tiled-gallery-item tiled-gallery-item-large\" itemprop=\"associatedMedia\" itemscope itemtype=\"http:\/\/schema.org\/ImageObject\"> <a href=\"https:\/\/fotoclub.it\/index.php\/2019\/06\/03\/6-2019-senza-luce\/11-emanuele-3\/\" border=\"0\" itemprop=\"url\"> <meta itemprop=\"width\" content=\"371\"> <meta itemprop=\"height\" content=\"247\"> <img decoding=\"async\" class=\"\" data-attachment-id=\"2391\" data-orig-file=\"https:\/\/fotoclub.it\/wp-content\/uploads\/2019\/06\/11-Emanuele-3.jpg\" data-orig-size=\"1280,853\" data-comments-opened=\"1\" data-image-meta=\"{&quot;aperture&quot;:&quot;0&quot;,&quot;credit&quot;:&quot;&quot;,&quot;camera&quot;:&quot;NIKON D500&quot;,&quot;caption&quot;:&quot;&quot;,&quot;created_timestamp&quot;:&quot;1501288526&quot;,&quot;copyright&quot;:&quot;&quot;,&quot;focal_length&quot;:&quot;0&quot;,&quot;iso&quot;:&quot;0&quot;,&quot;shutter_speed&quot;:&quot;0&quot;,&quot;title&quot;:&quot;&quot;,&quot;orientation&quot;:&quot;0&quot;}\" data-image-title=\"11 Emanuele (3)\" data-image-description=\"\" data-medium-file=\"https:\/\/i0.wp.com\/fotoclub.it\/wp-content\/uploads\/2019\/06\/11-Emanuele-3.jpg?fit=300%2C200&#038;ssl=1\" data-large-file=\"https:\/\/i0.wp.com\/fotoclub.it\/wp-content\/uploads\/2019\/06\/11-Emanuele-3.jpg?fit=1024%2C682&#038;ssl=1\" src=\"https:\/\/i0.wp.com\/fotoclub.it\/wp-content\/uploads\/2019\/06\/11-Emanuele-3.jpg?w=371&#038;h=247&#038;ssl=1\" srcset=\"https:\/\/i0.wp.com\/fotoclub.it\/wp-content\/uploads\/2019\/06\/11-Emanuele-3.jpg?w=1280&amp;ssl=1 1280w, https:\/\/i0.wp.com\/fotoclub.it\/wp-content\/uploads\/2019\/06\/11-Emanuele-3.jpg?resize=300%2C200&amp;ssl=1 300w, https:\/\/i0.wp.com\/fotoclub.it\/wp-content\/uploads\/2019\/06\/11-Emanuele-3.jpg?resize=768%2C512&amp;ssl=1 768w, https:\/\/i0.wp.com\/fotoclub.it\/wp-content\/uploads\/2019\/06\/11-Emanuele-3.jpg?resize=1024%2C682&amp;ssl=1 1024w, https:\/\/i0.wp.com\/fotoclub.it\/wp-content\/uploads\/2019\/06\/11-Emanuele-3.jpg?resize=150%2C100&amp;ssl=1 150w, https:\/\/i0.wp.com\/fotoclub.it\/wp-content\/uploads\/2019\/06\/11-Emanuele-3.jpg?resize=1150%2C766&amp;ssl=1 1150w\" width=\"371\" height=\"247\" loading=\"lazy\" data-original-width=\"371\" data-original-height=\"247\" itemprop=\"http:\/\/schema.org\/image\" title=\"11 Emanuele (3)\" alt=\"Emanuele Masutti\" style=\"width: 371px; height: 247px;\" \/> <\/a> <div class=\"tiled-gallery-caption\" itemprop=\"caption description\"> Emanuele Masutti <\/div> <\/div> <\/div> <!-- close group --> <div class=\"gallery-group images-1\" style=\"width: 375px; height: 251px;\" data-original-width=\"375\" data-original-height=\"251\" > <div class=\"tiled-gallery-item tiled-gallery-item-large\" itemprop=\"associatedMedia\" itemscope itemtype=\"http:\/\/schema.org\/ImageObject\"> <a href=\"https:\/\/fotoclub.it\/index.php\/2019\/06\/03\/6-2019-senza-luce\/12-roberta\/\" border=\"0\" itemprop=\"url\"> <meta itemprop=\"width\" content=\"371\"> <meta itemprop=\"height\" content=\"247\"> <img decoding=\"async\" class=\"\" data-attachment-id=\"2392\" data-orig-file=\"https:\/\/fotoclub.it\/wp-content\/uploads\/2019\/06\/12-Roberta.jpg\" data-orig-size=\"1280,853\" data-comments-opened=\"1\" data-image-meta=\"{&quot;aperture&quot;:&quot;5.6&quot;,&quot;credit&quot;:&quot;&quot;,&quot;camera&quot;:&quot;NIKON D5300&quot;,&quot;caption&quot;:&quot;&quot;,&quot;created_timestamp&quot;:&quot;1541263837&quot;,&quot;copyright&quot;:&quot;&quot;,&quot;focal_length&quot;:&quot;18&quot;,&quot;iso&quot;:&quot;100&quot;,&quot;shutter_speed&quot;:&quot;0.05&quot;,&quot;title&quot;:&quot;&quot;,&quot;orientation&quot;:&quot;0&quot;}\" data-image-title=\"12 Roberta\" data-image-description=\"\" data-medium-file=\"https:\/\/i0.wp.com\/fotoclub.it\/wp-content\/uploads\/2019\/06\/12-Roberta.jpg?fit=300%2C200&#038;ssl=1\" data-large-file=\"https:\/\/i0.wp.com\/fotoclub.it\/wp-content\/uploads\/2019\/06\/12-Roberta.jpg?fit=1024%2C682&#038;ssl=1\" src=\"https:\/\/i0.wp.com\/fotoclub.it\/wp-content\/uploads\/2019\/06\/12-Roberta.jpg?w=371&#038;h=247&#038;ssl=1\" srcset=\"https:\/\/i0.wp.com\/fotoclub.it\/wp-content\/uploads\/2019\/06\/12-Roberta.jpg?w=1280&amp;ssl=1 1280w, https:\/\/i0.wp.com\/fotoclub.it\/wp-content\/uploads\/2019\/06\/12-Roberta.jpg?resize=300%2C200&amp;ssl=1 300w, https:\/\/i0.wp.com\/fotoclub.it\/wp-content\/uploads\/2019\/06\/12-Roberta.jpg?resize=768%2C512&amp;ssl=1 768w, https:\/\/i0.wp.com\/fotoclub.it\/wp-content\/uploads\/2019\/06\/12-Roberta.jpg?resize=1024%2C682&amp;ssl=1 1024w, https:\/\/i0.wp.com\/fotoclub.it\/wp-content\/uploads\/2019\/06\/12-Roberta.jpg?resize=150%2C100&amp;ssl=1 150w, https:\/\/i0.wp.com\/fotoclub.it\/wp-content\/uploads\/2019\/06\/12-Roberta.jpg?resize=1150%2C766&amp;ssl=1 1150w\" width=\"371\" height=\"247\" loading=\"lazy\" data-original-width=\"371\" data-original-height=\"247\" itemprop=\"http:\/\/schema.org\/image\" title=\"12 Roberta\" alt=\"Roberta Favero\" style=\"width: 371px; height: 247px;\" \/> <\/a> <div class=\"tiled-gallery-caption\" itemprop=\"caption description\"> Roberta Favero <\/div> <\/div> <\/div> <!-- close group --> <div class=\"gallery-group images-1\" style=\"width: 375px; height: 251px;\" data-original-width=\"375\" data-original-height=\"251\" > <div class=\"tiled-gallery-item tiled-gallery-item-large\" itemprop=\"associatedMedia\" itemscope itemtype=\"http:\/\/schema.org\/ImageObject\"> <a href=\"https:\/\/fotoclub.it\/index.php\/2019\/06\/03\/6-2019-senza-luce\/silhouette-ballerina_\/\" border=\"0\" itemprop=\"url\"> <meta itemprop=\"width\" content=\"371\"> <meta itemprop=\"height\" content=\"247\"> <img decoding=\"async\" class=\"\" data-attachment-id=\"2393\" data-orig-file=\"https:\/\/fotoclub.it\/wp-content\/uploads\/2019\/06\/silhouette-ballerina_.jpg\" data-orig-size=\"1280,853\" data-comments-opened=\"1\" data-image-meta=\"{&quot;aperture&quot;:&quot;1&quot;,&quot;credit&quot;:&quot;&quot;,&quot;camera&quot;:&quot;X-E2&quot;,&quot;caption&quot;:&quot;&quot;,&quot;created_timestamp&quot;:&quot;1493510571&quot;,&quot;copyright&quot;:&quot;&quot;,&quot;focal_length&quot;:&quot;50&quot;,&quot;iso&quot;:&quot;3200&quot;,&quot;shutter_speed&quot;:&quot;0.001&quot;,&quot;title&quot;:&quot;&quot;,&quot;orientation&quot;:&quot;0&quot;}\" data-image-title=\"silhouette ballerina_\" data-image-description=\"\" data-medium-file=\"https:\/\/i0.wp.com\/fotoclub.it\/wp-content\/uploads\/2019\/06\/silhouette-ballerina_.jpg?fit=300%2C200&#038;ssl=1\" data-large-file=\"https:\/\/i0.wp.com\/fotoclub.it\/wp-content\/uploads\/2019\/06\/silhouette-ballerina_.jpg?fit=1024%2C682&#038;ssl=1\" src=\"https:\/\/i0.wp.com\/fotoclub.it\/wp-content\/uploads\/2019\/06\/silhouette-ballerina_.jpg?w=371&#038;h=247&#038;ssl=1\" srcset=\"https:\/\/i0.wp.com\/fotoclub.it\/wp-content\/uploads\/2019\/06\/silhouette-ballerina_.jpg?w=1280&amp;ssl=1 1280w, https:\/\/i0.wp.com\/fotoclub.it\/wp-content\/uploads\/2019\/06\/silhouette-ballerina_.jpg?resize=300%2C200&amp;ssl=1 300w, https:\/\/i0.wp.com\/fotoclub.it\/wp-content\/uploads\/2019\/06\/silhouette-ballerina_.jpg?resize=768%2C512&amp;ssl=1 768w, https:\/\/i0.wp.com\/fotoclub.it\/wp-content\/uploads\/2019\/06\/silhouette-ballerina_.jpg?resize=1024%2C682&amp;ssl=1 1024w, https:\/\/i0.wp.com\/fotoclub.it\/wp-content\/uploads\/2019\/06\/silhouette-ballerina_.jpg?resize=150%2C100&amp;ssl=1 150w, https:\/\/i0.wp.com\/fotoclub.it\/wp-content\/uploads\/2019\/06\/silhouette-ballerina_.jpg?resize=1150%2C766&amp;ssl=1 1150w\" width=\"371\" height=\"247\" loading=\"lazy\" data-original-width=\"371\" data-original-height=\"247\" itemprop=\"http:\/\/schema.org\/image\" title=\"silhouette ballerina_\" alt=\"Roberta Favero\" style=\"width: 371px; height: 247px;\" \/> <\/a> <div class=\"tiled-gallery-caption\" itemprop=\"caption description\"> Roberta Favero <\/div> <\/div> <\/div> <!-- close group --> <\/div> <!-- close row --> <\/div>\n","protected":false},"excerpt":{"rendered":"<p>NUOVO CONCORSO INTERNO 2019 Il tema dell&#8217;anno 2019 \u00e8 &#8216;LUCE&#8217;: una indicazione generica ed ampia per lasciare spazio ad ogni genere ed ogni interpretazione. Cos\u00ec anche nei temi del concorso interno, quest&#8217;anno saranno introdotti temi interpretabili in modo ampio e generico ma con una particolare attenzione alla &#8216;LUCE&#8217; e ai differenti modi in cui essa [&hellip;]<\/p>\n","protected":false},"author":1,"featured_media":2383,"comment_status":"closed","ping_status":"closed","sticky":false,"template":"","format":"standard","meta":{"_jetpack_newsletter_access":"","_jetpack_dont_email_post_to_subs":false,"_jetpack_newsletter_tier_id":0,"_jetpack_memberships_contains_paywalled_content":false,"_jetpack_memberships_contains_paid_content":false,"footnotes":""},"categories":[17,19],"tags":[139,142,27,140,143],"class_list":["post-2310","post","type-post","status-publish","format-standard","has-post-thumbnail","hentry","category-associazione","category-concorso-interno","tag-139","tag-assenza-di-luce","tag-concorso-interno","tag-luce","tag-senza-luce"],"jetpack_sharing_enabled":true,"jetpack_shortlink":"https:\/\/wp.me\/p51gCz-Bg","jetpack_featured_media_url":"https:\/\/i0.wp.com\/fotoclub.it\/wp-content\/uploads\/2019\/06\/04-GIUSEPPE-1-2.jpg?fit=1280%2C720&ssl=1","_links":{"self":[{"href":"https:\/\/fotoclub.it\/index.php\/wp-json\/wp\/v2\/posts\/2310","targetHints":{"allow":["GET"]}}],"collection":[{"href":"https:\/\/fotoclub.it\/index.php\/wp-json\/wp\/v2\/posts"}],"about":[{"href":"https:\/\/fotoclub.it\/index.php\/wp-json\/wp\/v2\/types\/post"}],"author":[{"embeddable":true,"href":"https:\/\/fotoclub.it\/index.php\/wp-json\/wp\/v2\/users\/1"}],"replies":[{"embeddable":true,"href":"https:\/\/fotoclub.it\/index.php\/wp-json\/wp\/v2\/comments?post=2310"}],"version-history":[{"count":0,"href":"https:\/\/fotoclub.it\/index.php\/wp-json\/wp\/v2\/posts\/2310\/revisions"}],"wp:featuredmedia":[{"embeddable":true,"href":"https:\/\/fotoclub.it\/index.php\/wp-json\/wp\/v2\/media\/2383"}],"wp:attachment":[{"href":"https:\/\/fotoclub.it\/index.php\/wp-json\/wp\/v2\/media?parent=2310"}],"wp:term":[{"taxonomy":"category","embeddable":true,"href":"https:\/\/fotoclub.it\/index.php\/wp-json\/wp\/v2\/categories?post=2310"},{"taxonomy":"post_tag","embeddable":true,"href":"https:\/\/fotoclub.it\/index.php\/wp-json\/wp\/v2\/tags?post=2310"}],"curies":[{"name":"wp","href":"https:\/\/api.w.org\/{rel}","templated":true}]}}