{"id":2066,"date":"2019-02-11T18:01:24","date_gmt":"2019-02-11T17:01:24","guid":{"rendered":"http:\/\/fotoclub.it\/?p=2066"},"modified":"2020-02-10T10:30:41","modified_gmt":"2020-02-10T09:30:41","slug":"concorso-interno-2019-2","status":"publish","type":"post","link":"https:\/\/fotoclub.it\/index.php\/2019\/02\/11\/concorso-interno-2019-2\/","title":{"rendered":"Concorso interno 2019"},"content":{"rendered":"\n<p>NUOVO REGOLAMENTO CONCORSO INTERNO<\/p>\n\n\n\n<p>Carissimi soci, il &#8220;concorso&#8221; interno proposto in questi ultimi anni, come ben sapete aveva lo scopo di stimolare ogni socio a far selezione fra le immagini che rispondessero ad un argomento, ad un genere o idea a seconda del tema scelto.<\/p>\n\n\n\n<p>Spesso nelle serate associative, vengono proposte tante immagini anche simili fra loro, importanti sicuramente per le emozioni vissute in un viaggio, una ricerca naturalistica o di street photography; ma che difficilmente emozionano allo stesso modo il semplice &#8216;fruitore&#8217; che non abbia anche partecipato con entusiasmo al momento della ripresa.<\/p>\n\n\n\n<p>Da questa premessa l&#8217;idea del concorso interno, allo scopo di &#8220;imparare a selezionare&#8221; e cercare nel proprio lavoro &#8220;il meglio&#8221; di quello che siamo riusciti a riprendere.<br>Successivamente, la richiesta sempre attuale, di non portare pi\u00f9 di 30 immagini rappresentanti una ricerca, un viaggio o comunque un argomento da esporre all&#8217;interno delle serate di fotoclub salvo situazioni particolari ora chiamate &#8220;OGGI ESPONE&#8230;&#8221;.<\/p>\n\n\n\n<p style=\"font-size:0\">Sembra che qualche frutto in questo senso sia stato raccolto ed ora, con la speranza di continuare a migliorare vogliamo introdurre una modalit\u00e0 differente di visualizzare le immagini del &#8220;concorso interno&#8221; per provare a crescere ancora, stavolta verso la direzione della &#8220;lettura delle immagini&#8221; o &#8220;attenzione critica&#8221;.<\/p>\n\n\n\n<p>Per questo, chiediamo ad ogni socio che partecipi alla serata del concorso con proprie immagini che porti da 1 a 3 immagini e non di pi\u00f9, gi\u00e0 rinominate nel formato NOME-COGNOME-1.jpg (esempio MARIO-ROSSI-1.JPG per la prima foto e cos\u00ec via).<\/p>\n\n\n\n<p>Ogni foto verr\u00e0 visualizzata per qualche decina di secondi e poi l&#8217;autore potr\u00e0 illustrarla.<br>Si chiede all&#8217;autore di non soffermarsi su luogo, evento, genere, situazione ma di indicare le motivazioni di quello specifico scatto e le motivazioni che hanno portato alla specifica selezione dell&#8217;immagine.<br>Successivamente seguir\u00e0 una breve lettura da parte del socio Loris Giotto (quando presente), delegato dal gruppo in forza della sua esperienza e professionalit\u00e0, che servir\u00e0 ad aiutare tutti nel far crescere un pensiero critico e costruttivo che continuer\u00e0 con dare o chiedere un proprio contributo all&#8217;autore da parte di chi lo ritiene.<\/p>\n\n\n\n<p>In contemporanea, 3 giudici nominati ad estrazione ad inizio serata, esprimeranno un &#8220;voto personale&#8221; ma indiscutibile al fine di poter indicare le 3 immagini &#8220;pi\u00f9 significative&#8221; per il tema proposto dal concorso da riepilogarsi a fine serata.<\/p>\n\n\n\n<p>Lo scopo, come in passato, non \u00e8 quello di selezionare una &#8220;foto vincitrice&#8221;, piuttosto selezionare le &#8220;immagini pi\u00f9 significative&#8221; per imparare assieme a crescere guardando, pensando, selezionando.<\/p>\n\n\n\n<p>La novit\u00e0 della figura dei giudici, serve per dare pi\u00f9 spazio alla discussione sulle immagini senza utilizzare il tempo per una mera raccolta di voti, consapevoli che le opinioni dei giurati  potrebbero non rappresentare la totalit\u00e0 delle opinioni dei presenti, ma certi che anche questo servir\u00e0 ad affinare la nostra capacit\u00e0 di analisi ed attenzione critica alle immagini.<\/p>\n\n\n\n<p>Con la sperata di vedervi sempre presenti e tutti partecipanti a questa iniziativa, ricordiamo che gli appuntamenti per questo 2019 sono 4:<\/p>\n\n\n\n<ol class=\"wp-block-list\"><li>LUCE ARTIFICIALE &#8211; luned\u00ec 4 marzo 2019<\/li><li>L&#8217;ASSENZA DELLA LUCE &#8211; luned\u00ec 17 giugno 2019<\/li><li>LUCE RIFLESSA &#8211; luned\u00ec 2 settembre 2019<\/li><li>CONTROLUCE &#8211; luned\u00ec 14 ottobre 2019<\/li><\/ol>\n\n\n\n<p><\/p>\n\n\n\n<p><\/p>\n\n\n\n<p><\/p>\n\n\n\n<p><\/p>\n\n\n\n<p><\/p>\n","protected":false},"excerpt":{"rendered":"<p>NUOVO REGOLAMENTO CONCORSO INTERNO Carissimi soci, il &#8220;concorso&#8221; interno proposto in questi ultimi anni, come ben sapete aveva lo scopo di stimolare ogni socio a far selezione fra le immagini che rispondessero ad un argomento, ad un genere o idea a seconda del tema scelto. Spesso nelle serate associative, vengono proposte tante immagini anche simili [&hellip;]<\/p>\n","protected":false},"author":1,"featured_media":2070,"comment_status":"closed","ping_status":"closed","sticky":false,"template":"","format":"standard","meta":{"_jetpack_newsletter_access":"","_jetpack_dont_email_post_to_subs":false,"_jetpack_newsletter_tier_id":0,"_jetpack_memberships_contains_paywalled_content":false,"_jetpack_memberships_contains_paid_content":false,"footnotes":""},"categories":[17,19],"tags":[],"class_list":["post-2066","post","type-post","status-publish","format-standard","has-post-thumbnail","hentry","category-associazione","category-concorso-interno"],"jetpack_sharing_enabled":true,"jetpack_shortlink":"https:\/\/wp.me\/p51gCz-xk","jetpack_featured_media_url":"https:\/\/i0.wp.com\/fotoclub.it\/wp-content\/uploads\/2019\/02\/concorso.jpg?fit=640%2C427&ssl=1","_links":{"self":[{"href":"https:\/\/fotoclub.it\/index.php\/wp-json\/wp\/v2\/posts\/2066","targetHints":{"allow":["GET"]}}],"collection":[{"href":"https:\/\/fotoclub.it\/index.php\/wp-json\/wp\/v2\/posts"}],"about":[{"href":"https:\/\/fotoclub.it\/index.php\/wp-json\/wp\/v2\/types\/post"}],"author":[{"embeddable":true,"href":"https:\/\/fotoclub.it\/index.php\/wp-json\/wp\/v2\/users\/1"}],"replies":[{"embeddable":true,"href":"https:\/\/fotoclub.it\/index.php\/wp-json\/wp\/v2\/comments?post=2066"}],"version-history":[{"count":0,"href":"https:\/\/fotoclub.it\/index.php\/wp-json\/wp\/v2\/posts\/2066\/revisions"}],"wp:featuredmedia":[{"embeddable":true,"href":"https:\/\/fotoclub.it\/index.php\/wp-json\/wp\/v2\/media\/2070"}],"wp:attachment":[{"href":"https:\/\/fotoclub.it\/index.php\/wp-json\/wp\/v2\/media?parent=2066"}],"wp:term":[{"taxonomy":"category","embeddable":true,"href":"https:\/\/fotoclub.it\/index.php\/wp-json\/wp\/v2\/categories?post=2066"},{"taxonomy":"post_tag","embeddable":true,"href":"https:\/\/fotoclub.it\/index.php\/wp-json\/wp\/v2\/tags?post=2066"}],"curies":[{"name":"wp","href":"https:\/\/api.w.org\/{rel}","templated":true}]}}