{"id":2037,"date":"2019-02-11T16:26:27","date_gmt":"2019-02-11T15:26:27","guid":{"rendered":"http:\/\/fotoclub.it\/?p=2037"},"modified":"2019-12-18T11:42:40","modified_gmt":"2019-12-18T10:42:40","slug":"e-online-il-programma-2018-2-2","status":"publish","type":"post","link":"https:\/\/fotoclub.it\/index.php\/2019\/02\/11\/e-online-il-programma-2018-2-2\/","title":{"rendered":"Tema 2019: la &#8216;Luce&#8217;"},"content":{"rendered":"<p>Avviso a tutti i soci<\/p>\n<p>Assieme al <a href=\"http:\/\/fotoclub.it\/index.php\/programma-2019\/\">programma delle attivit\u00e0\u00a0 2019<\/a> con le date ipotetiche previste o in previsione segnaliamo che il Fotoclub Sernaglia dedica questo 2019 alla &#8216;Luce.<br \/>\nElemento costitutivo di ogni immagine fotografica.<\/p>\n<p>Luce intesa come soggetto, come ricerca, come valore, come particolare&#8230; in pratica una luce ri-cercata.<\/p>\n<p>Tutto ci\u00f2 che vediamo \u00e8 riconoscibile attraverso la luce, ma l&#8217;uso di una forma di luce piuttosto che un&#8217;altra, di un giorno assolato piuttosto che nebbioso, di un &#8216;attimo a mezzogiorno piuttosto che a mezzanotte, di una fonte naturale piuttosto che artificiale determina la &#8216;ricerca&#8217; del fotografo che vuole imprimere a ci\u00f2 che riprende una particolare essenza.<\/p>\n<p><span style=\"color: #ffff00;\"><em><strong>Il tema 2019 non \u00e8 vincolante per i nostri soci, \u00e8 solo un invito a concentrarci nella realizzazione delle immagini, per comprendere meglio e pi\u00f9 profondamente, ci\u00f2 che ci sta attorno come cambia, evolve e si modifica&#8230; modificando noi stessi.<\/strong><\/em><\/span><\/p>\n","protected":false},"excerpt":{"rendered":"<p>Avviso a tutti i soci Assieme al programma delle attivit\u00e0\u00a0 2019 con le date ipotetiche previste o in previsione segnaliamo che il Fotoclub Sernaglia dedica questo 2019 alla &#8216;Luce. Elemento costitutivo di ogni immagine fotografica. Luce intesa come soggetto, come ricerca, come valore, come particolare&#8230; in pratica una luce ri-cercata. Tutto ci\u00f2 che vediamo \u00e8 [&hellip;]<\/p>\n","protected":false},"author":1,"featured_media":2040,"comment_status":"closed","ping_status":"closed","sticky":false,"template":"","format":"standard","meta":{"_jetpack_newsletter_access":"","_jetpack_dont_email_post_to_subs":false,"_jetpack_newsletter_tier_id":0,"_jetpack_memberships_contains_paywalled_content":false,"_jetpack_memberships_contains_paid_content":false,"footnotes":""},"categories":[17,14],"tags":[45,91,137],"class_list":["post-2037","post","type-post","status-publish","format-standard","has-post-thumbnail","hentry","category-associazione","category-attivita","tag-attivita","tag-programma","tag-programma-2019"],"jetpack_sharing_enabled":true,"jetpack_shortlink":"https:\/\/wp.me\/p51gCz-wR","jetpack_featured_media_url":"https:\/\/i0.wp.com\/fotoclub.it\/wp-content\/uploads\/2019\/02\/thumb-1920-611491.jpg?fit=1920%2C1080&ssl=1","_links":{"self":[{"href":"https:\/\/fotoclub.it\/index.php\/wp-json\/wp\/v2\/posts\/2037","targetHints":{"allow":["GET"]}}],"collection":[{"href":"https:\/\/fotoclub.it\/index.php\/wp-json\/wp\/v2\/posts"}],"about":[{"href":"https:\/\/fotoclub.it\/index.php\/wp-json\/wp\/v2\/types\/post"}],"author":[{"embeddable":true,"href":"https:\/\/fotoclub.it\/index.php\/wp-json\/wp\/v2\/users\/1"}],"replies":[{"embeddable":true,"href":"https:\/\/fotoclub.it\/index.php\/wp-json\/wp\/v2\/comments?post=2037"}],"version-history":[{"count":0,"href":"https:\/\/fotoclub.it\/index.php\/wp-json\/wp\/v2\/posts\/2037\/revisions"}],"wp:featuredmedia":[{"embeddable":true,"href":"https:\/\/fotoclub.it\/index.php\/wp-json\/wp\/v2\/media\/2040"}],"wp:attachment":[{"href":"https:\/\/fotoclub.it\/index.php\/wp-json\/wp\/v2\/media?parent=2037"}],"wp:term":[{"taxonomy":"category","embeddable":true,"href":"https:\/\/fotoclub.it\/index.php\/wp-json\/wp\/v2\/categories?post=2037"},{"taxonomy":"post_tag","embeddable":true,"href":"https:\/\/fotoclub.it\/index.php\/wp-json\/wp\/v2\/tags?post=2037"}],"curies":[{"name":"wp","href":"https:\/\/api.w.org\/{rel}","templated":true}]}}