{"id":1819,"date":"2018-03-14T10:03:50","date_gmt":"2018-03-14T09:03:50","guid":{"rendered":"http:\/\/fotoclub.it\/?p=1819"},"modified":"2018-05-21T09:52:50","modified_gmt":"2018-05-21T07:52:50","slug":"13-10-2017-prati-incantati-presentazione-libro-fotografico-2-2","status":"publish","type":"post","link":"https:\/\/fotoclub.it\/index.php\/2018\/03\/14\/13-10-2017-prati-incantati-presentazione-libro-fotografico-2-2\/","title":{"rendered":"14.03.2018 PRATI INCANTATI a SEDICO + MOSTRA"},"content":{"rendered":"<p>A Sedico (BL) \u00e8 in corso, DAL 12 MARZO 2018 AL 28 MARZO 2018 una parte della mostra fotografica &#8220;PRATI INCANTATI &#8211; I Pal\u00f9 del Quartier del Piave&#8221;.<\/p>\n<p>Un grande ringraziamento al Comune di Sedico ed alla Biblioteca Comunale per aver voluto dare uno spazio privilegiato alle nostre immagini dedicate a quest&#8217;area ( i Pal\u00f9 del QDP).<\/p>\n<p><a href=\"http:\/\/Prati incantati - I Pal\u00f9 del Quartier del Piave da luned\u00ec 12 a mercoled\u00ec 28 marzo 2018 - Palazzo dei Servizi Invito alla mostra a cura del Fotoclub Sernaglia Prati Incantati I Pal\u00f9 del Quartier del Piave da luned\u00ec 12 a mercoled\u00ec 28 marzo - Palazzo dei Servizi - luned\u00ec, mercoled\u00ec 15:00 - 18:00, marted\u00ec e venerd\u00ec 15:00 - 19:00, gioved\u00ec 9:00 - 12:00, a richiesta per le scuole Mostra gentilmente concessa dai Comuni di Vidor, Moriago e Sernaglia della Battaglia Mercoled\u00ec 14 marzo ore 20:30 - Palazzo dei Servizi - Sedico &quot;Prati incantati&quot; - multivisione a cura di Rinaldo Checuz (Fotoclub Sernaglia) Presentazione scientifica a cura del dott. Michele Cassol Mercoled\u00ec 21 marzo ore 20:30 - Palazzo dei Servizi - Sedico &quot;Prati fioriti nella provincia di Belluno&quot; a cura del dott. Alberto Scariot Mercoled\u00ec 28 marzo ore 20:30 - Palazzo dei Servizi - Sedico a cura del Parco Nazionale Dolomiti Bellunesi, presentazione con gli autori del libro &quot;Atlante degli Anfibi e dei Rettili del Parco Nazionale Dolomiti Bellunesi&quot;\">Vi rimandiamo al sito del Comune di Sedico per tutte le informazioni sugli orari e sugli eventi collegati alla mostra.<\/a><\/p>\n<p><a href=\"http:\/\/fotoclub.it\/wp-content\/uploads\/2018\/03\/manifesto-prati-incantati-ok.pdf\">Locandina degli eventi (.pdf)<\/a><\/p>\n<p>&nbsp;<\/p>\n<p>&nbsp;<\/p>\n<p>&nbsp;<\/p>\n","protected":false},"excerpt":{"rendered":"<p>A Sedico (BL) \u00e8 in corso, DAL 12 MARZO 2018 AL 28 MARZO 2018 una parte della mostra fotografica &#8220;PRATI INCANTATI &#8211; I Pal\u00f9 del Quartier del Piave&#8221;. Un grande ringraziamento al Comune di Sedico ed alla Biblioteca Comunale per aver voluto dare uno spazio privilegiato alle nostre immagini dedicate a quest&#8217;area ( i Pal\u00f9 [&hellip;]<\/p>\n","protected":false},"author":1,"featured_media":1496,"comment_status":"closed","ping_status":"open","sticky":false,"template":"","format":"standard","meta":{"_jetpack_newsletter_access":"","_jetpack_dont_email_post_to_subs":false,"_jetpack_newsletter_tier_id":0,"_jetpack_memberships_contains_paywalled_content":false,"_jetpack_memberships_contains_paid_content":false,"footnotes":""},"categories":[17,16,52],"tags":[34,35,108,125],"class_list":["post-1819","post","type-post","status-publish","format-standard","has-post-thumbnail","hentry","category-associazione","category-serate-pubbliche","category-pubblicazioni","tag-fotoclub","tag-libro-fotografico","tag-palu-del-quartier-del-piave","tag-prati-incantati"],"jetpack_sharing_enabled":true,"jetpack_shortlink":"https:\/\/wp.me\/p51gCz-tl","jetpack_featured_media_url":"https:\/\/i0.wp.com\/fotoclub.it\/wp-content\/uploads\/2017\/09\/prati-incantati.jpg?fit=458%2C458&ssl=1","_links":{"self":[{"href":"https:\/\/fotoclub.it\/index.php\/wp-json\/wp\/v2\/posts\/1819","targetHints":{"allow":["GET"]}}],"collection":[{"href":"https:\/\/fotoclub.it\/index.php\/wp-json\/wp\/v2\/posts"}],"about":[{"href":"https:\/\/fotoclub.it\/index.php\/wp-json\/wp\/v2\/types\/post"}],"author":[{"embeddable":true,"href":"https:\/\/fotoclub.it\/index.php\/wp-json\/wp\/v2\/users\/1"}],"replies":[{"embeddable":true,"href":"https:\/\/fotoclub.it\/index.php\/wp-json\/wp\/v2\/comments?post=1819"}],"version-history":[{"count":0,"href":"https:\/\/fotoclub.it\/index.php\/wp-json\/wp\/v2\/posts\/1819\/revisions"}],"wp:featuredmedia":[{"embeddable":true,"href":"https:\/\/fotoclub.it\/index.php\/wp-json\/wp\/v2\/media\/1496"}],"wp:attachment":[{"href":"https:\/\/fotoclub.it\/index.php\/wp-json\/wp\/v2\/media?parent=1819"}],"wp:term":[{"taxonomy":"category","embeddable":true,"href":"https:\/\/fotoclub.it\/index.php\/wp-json\/wp\/v2\/categories?post=1819"},{"taxonomy":"post_tag","embeddable":true,"href":"https:\/\/fotoclub.it\/index.php\/wp-json\/wp\/v2\/tags?post=1819"}],"curies":[{"name":"wp","href":"https:\/\/api.w.org\/{rel}","templated":true}]}}