{"id":1721,"date":"2018-02-09T14:56:17","date_gmt":"2018-02-09T13:56:17","guid":{"rendered":"http:\/\/fotoclub.it\/?p=1721"},"modified":"2019-02-11T17:56:17","modified_gmt":"2019-02-11T16:56:17","slug":"e-online-il-programma-2018-2","status":"publish","type":"post","link":"https:\/\/fotoclub.it\/index.php\/2018\/02\/09\/e-online-il-programma-2018-2\/","title":{"rendered":"Tema 2018: il Paesaggio"},"content":{"rendered":"<p>Avviso a tutti i soci<\/p>\n<p>Assieme al<a href=\"http:\/\/fotoclub.it\/?page_id=1672\"> programma delle attivit\u00e0<\/a>\u00a0 2018 con le date ipotetiche previste o in previsione segnaliamo che quest&#8217;anno i soci riuniti hanno nominato per il Fotoclub Sernaglia, il 2018 come l&#8217;anno da dedicare al Paesaggio.<\/p>\n<p>&nbsp;<\/p>\n<p>Paesaggio naturale, urbano, umano, artistico, storico, reale o immaginario.<br \/>\nIl paesaggio non \u00e8 solo ci\u00f2 che vediamo, ma anche ci\u00f2 che si cela nel nostro modo di vedere ed immaginare la realt\u00e0: \u00e8 ci\u00f2 che circonda&#8230;noi.<\/p>\n<p>&nbsp;<\/p>\n<p><span style=\"color: #ff6600;\"><strong>Breve vocabolario:<\/strong><\/span><\/p>\n<div class=\"vk_ans\"><span data-dobid=\"hdw\">paesaggio<\/span><\/div>\n<div class=\"vmod\">\n<div class=\"lr_dct_ent_ph\"><span class=\"lr_dct_ph\">pa\u00b7e\u00b7\u1e63\u00e0g\u00b7gio\/<\/span><\/div>\n<div class=\"vmod\">\n<div class=\"lr_dct_sf_h\"><i>sostantivo maschile<\/i><\/div>\n<ol class=\"lr_dct_sf_sens\">\n<li>\n<div class=\"vmod\">\n<div class=\"lr_dct_sf_sen vk_txt\">\n<div><strong>1<\/strong>.<\/div>\n<div>\n<div class=\"_Jig\">\n<div data-dobid=\"dfn\">Porzione di territorio considerata dal punto di vista prospettico o descrittivo, per lo pi\u00f9 con un senso affettivo cui pu\u00f2 pi\u00f9 o meno associarsi anche un&#8217;esigenza di ordine artistico ed estetico: un p. squallido, melanconico, ridente, pittoresco; dalla finestra si vede un p. incantevole; fermarsi ad ammirare il p.; la difesa, la tutela del p.; come soggetto di una riproduzione artistica: pittore, fotografo di paesaggi; anche, il quadro, la foto, il fotogramma che riproduce il paesaggio.<\/div>\n<div class=\"vk_gy\">&#8220;un p. di Bruegel&#8221;<\/div>\n<\/div>\n<\/div>\n<\/div>\n<\/div>\n<\/li>\n<li>\n<div class=\"vmod\">\n<div class=\"lr_dct_sf_sen vk_txt\">\n<div><strong>2<\/strong>.<\/div>\n<div>\n<div class=\"_Jig\">\n<div data-dobid=\"dfn\">In geografia, il complesso di elementi caratteristici di una zona determinata.<\/div>\n<div class=\"vk_gy\">&#8220;p. montano&#8221;<\/div>\n<\/div>\n<\/div>\n<\/div>\n<\/div>\n<\/li>\n<\/ol>\n<\/div>\n<\/div>\n<p>&nbsp;<\/p>\n<p><span style=\"color: #ff6600;\"><strong>Wikipedia:<\/strong><\/span><br \/>\n\u00ab\u00a0&#8220;Paesaggio&#8221; designa una determinata parte di territorio, cos\u00ec come \u00e8 percepita dalle persone, il cui carattere deriva dall&#8217;azione di fattori naturali e\/o umani e dalle loro interrelazioni\u00a0\u00bb<\/p>\n<p>&nbsp;<\/p>\n<p><strong><span style=\"color: #ff6600;\">Convenzione europea sul paesaggio:<\/span><\/strong><\/p>\n<p>La Convenzione Europea sul paesaggio ha introdotto in Europa un nuovo modo di considerare e gestire la dimensione paesaggistica del territorio, e si caratterizza per aver assegnato al paesaggio la qualit\u00e0 specifica di concetto giuridico autonomo.<\/p>\n<p>Il paesaggio rappresenta un elemento chiave del benessere individuale e sociale, e la sua salvaguardia, la sua gestione e la sua progettazione comportano diritti e responsabilit\u00e0 per ciascun individuo. In questo senso \u00e8 forse oggi possibile cominciare a parlare di diritto al paesaggio.<\/p>\n<p>Il paesaggio configura la forma del paese, creata dall&#8217;azione cosciente e sistematica della comunit\u00e0 umana che vi \u00e8 insediata, in modo intensivo o estensivo, nella citt\u00e0 o nella campagna, che agisce sul suolo e che produce i segni della sua cultura.<\/p>\n<p>La locuzione \u201cpaesaggio\u201d non costituisce pi\u00f9 l&#8217;equivalente semantico di \u201cbellezze naturali\u201d, atteso che una concezione siffatta poneva un ingiustificato restringimento dell&#8217;ambito di applicabilit\u00e0 della tutela alle sole aree di pregio paesaggistico e tendeva ad assimilarle, per natura e regimi giuridici, alle cose di interesse storico-artistico, quali cose appartenenti alla speciale categoria dei beni di interesse pubblico.<\/p>\n<p>Il paesaggio rappresenta, invece, una delle componenti dell&#8217;ambiente e, segnatamente, come ha avuto modo di confermare pi\u00f9 volte la Corte Costituzionale, (Corte Cost., sent. 21 dicembre 1985, n. 359 e Corte Cost., sent. 7 novembre 1994, n. 379.), la componente estetico-culturale riferita anche alla forma del territorio<\/p>\n<p>&nbsp;<\/p>\n<p><span style=\"color: #ff6600;\"><strong>Treccani:<\/strong><\/span><\/p>\n<p><span class=\"lemma\">paesaggio<\/span>\u00a0Parte di territorio che si abbraccia con lo sguardo da un punto determinato. Il termine \u00e8 usato in particolare con riferimento a panorami caratteristici per le loro\u00a0<a href=\"http:\/\/www.treccani.it\/enciclopedia\/bellezze-naturali\/\">bellezze naturali<\/a>, o a localit\u00e0 di interesse storico e artistico, ma anche, pi\u00f9 in generale, a tutto il complesso dei beni naturali che sono parte fondamentale dell\u2019ambiente ecologico da difendere e conservare.<\/p>\n<p><span class=\"sc-paragraph\">\u00a0<\/span><\/p>\n<p>&nbsp;<\/p>\n<p><span style=\"color: #ffff00;\"><em><strong>Il tema 2018 non \u00e8 vincolante per i nostri soci, \u00e8 solo un invito a concentrarci nella realizzazione delle immagini, per comprendere meglio e pi\u00f9 profondamente, ci\u00f2 che ci sta attorno come cambia, evolve e si modifica&#8230; modificando noi stessi.<\/strong><\/em><\/span><\/p>\n<p>&nbsp;<\/p>\n<p>&nbsp;<\/p>\n<p>&nbsp;<\/p>\n","protected":false},"excerpt":{"rendered":"<p>Avviso a tutti i soci Assieme al programma delle attivit\u00e0\u00a0 2018 con le date ipotetiche previste o in previsione segnaliamo che quest&#8217;anno i soci riuniti hanno nominato per il Fotoclub Sernaglia, il 2018 come l&#8217;anno da dedicare al Paesaggio. &nbsp; Paesaggio naturale, urbano, umano, artistico, storico, reale o immaginario. Il paesaggio non \u00e8 solo ci\u00f2 [&hellip;]<\/p>\n","protected":false},"author":1,"featured_media":1723,"comment_status":"closed","ping_status":"closed","sticky":false,"template":"","format":"standard","meta":{"_jetpack_newsletter_access":"","_jetpack_dont_email_post_to_subs":false,"_jetpack_newsletter_tier_id":0,"_jetpack_memberships_contains_paywalled_content":false,"_jetpack_memberships_contains_paid_content":false,"footnotes":""},"categories":[17,14],"tags":[45,91,138],"class_list":["post-1721","post","type-post","status-publish","format-standard","has-post-thumbnail","hentry","category-associazione","category-attivita","tag-attivita","tag-programma","tag-programma-2018"],"jetpack_sharing_enabled":true,"jetpack_shortlink":"https:\/\/wp.me\/p51gCz-rL","jetpack_featured_media_url":"https:\/\/i0.wp.com\/fotoclub.it\/wp-content\/uploads\/2018\/02\/paesaggio-toscana-1140x759.jpg?fit=1140%2C759&ssl=1","_links":{"self":[{"href":"https:\/\/fotoclub.it\/index.php\/wp-json\/wp\/v2\/posts\/1721","targetHints":{"allow":["GET"]}}],"collection":[{"href":"https:\/\/fotoclub.it\/index.php\/wp-json\/wp\/v2\/posts"}],"about":[{"href":"https:\/\/fotoclub.it\/index.php\/wp-json\/wp\/v2\/types\/post"}],"author":[{"embeddable":true,"href":"https:\/\/fotoclub.it\/index.php\/wp-json\/wp\/v2\/users\/1"}],"replies":[{"embeddable":true,"href":"https:\/\/fotoclub.it\/index.php\/wp-json\/wp\/v2\/comments?post=1721"}],"version-history":[{"count":0,"href":"https:\/\/fotoclub.it\/index.php\/wp-json\/wp\/v2\/posts\/1721\/revisions"}],"wp:featuredmedia":[{"embeddable":true,"href":"https:\/\/fotoclub.it\/index.php\/wp-json\/wp\/v2\/media\/1723"}],"wp:attachment":[{"href":"https:\/\/fotoclub.it\/index.php\/wp-json\/wp\/v2\/media?parent=1721"}],"wp:term":[{"taxonomy":"category","embeddable":true,"href":"https:\/\/fotoclub.it\/index.php\/wp-json\/wp\/v2\/categories?post=1721"},{"taxonomy":"post_tag","embeddable":true,"href":"https:\/\/fotoclub.it\/index.php\/wp-json\/wp\/v2\/tags?post=1721"}],"curies":[{"name":"wp","href":"https:\/\/api.w.org\/{rel}","templated":true}]}}