{"id":1499,"date":"2017-09-18T11:43:13","date_gmt":"2017-09-18T09:43:13","guid":{"rendered":"http:\/\/fotoclub.it\/?p=1499"},"modified":"2018-03-19T10:05:48","modified_gmt":"2018-03-19T09:05:48","slug":"corso-base-di-fotografia-2017","status":"publish","type":"post","link":"https:\/\/fotoclub.it\/index.php\/2017\/09\/18\/corso-base-di-fotografia-2017\/","title":{"rendered":"Corso Base di fotografia 2017"},"content":{"rendered":"<h4><strong>ISCRIZIONI CHIUSE PER RAGGIUNTO NUMERO MASSIMO DI PARTECIPANTI<\/strong><\/h4>\n<p>A chi fosse interessato, segnaliamo che abbiamo gi\u00e0 raggiunto il limite massimo di iscritti per questa edizione.<br \/>\nSe volete potete comunque scrivere a info@fotoclub.it per essere inseriti con precedenza per il prossimo corso base.<\/p>\n<p>Il prossimo corso base, non \u00e8 al momento programmato, ma \u00e8 possibile che si possa svolgere a Marzo\/Aprile 2018 presso il comune di Farra di Soligo.<\/p>\n<p>Un ringraziamento sincero a tutti.<br \/>\nFotoclub Sernaglia<\/p>\n<p>&nbsp;<\/p>\n<h4>CORSO BASE DI FOTOGRAFIA DIGITALE (sesta edizione)<\/h4>\n<p>A Sernaglia della Battaglia, nella sede del nostro fotoclub in Piazza Martiri,\u00a0in collaborazione con l&#8217;amministrazione comunale di Sernaglia della Battaglia, l&#8217;Assessorato alla Cultura e la biblioteca , viene promossa la sesta edizione del nostro<span style=\"color: #ffcc00;\"> <a style=\"color: #ffcc00;\" href=\"http:\/\/fotoclub.it\/?page_id=815\">Corso Base di fotografia (digitale)<\/a><\/span>\u00a0che amiamo da sempre definire come un semplice &#8220;<em>percorso di avvicinamento alla fotografi<\/em>a&#8221;.<\/p>\n<p><em>Il percorso, si articoler\u00e0 in <strong>4 serate teoriche<\/strong> <span style=\"text-decoration: underline;\"><strong>condotte da alcuni nostri soci fotoamatori<\/strong><\/span>\u00a0che si alterneranno nella presentazione dei contenuti proposti.<br \/>\n<\/em>E&#8217; inoltre prevista una uscita pratica organizzata in 2 diversi momenti, una il sabato pomeriggio ed una la domenica mattina in modo da consentire al maggior numero di partecipanti di trovare una collocazione congeniale in base alla proprie esigenze personali.<\/p>\n<p>Una serata con la visione delle foto dei partecipanti, dei soci del Fotoclub e di alcune proiezioni multivisive concluderanno il percorso formativo.<\/p>\n<p>Le 4 serate formative\u00a0sono articolate in circa 100 minuti di attivit\u00e0 teorica spezzati in 2 tempi intercalati da una proiezione multimediale di natura, viaggio o altro realizzate con immagini di alcuni soci del Fotoclub Sernaglia.<br \/>\nOgnuna di queste serate, si propone come un momento breve ma specifico nel percorso di avvicinamento alla fotografia e agli strumenti fotografici ed \u00e8 caratterizzata da una tematica precisa che sar\u00e0 poi oggetto di lieve richiamo o proseguo nelle serate successive.<\/p>\n<h4><\/h4>\n<h4>programma indicativo<\/h4>\n<p><span style=\"color: #ffcc00;\">luned\u00ec 16 ottobre 2017:\u00a0<strong>SAPERE<\/strong><\/span><span style=\"color: #ffcc00;\"><strong><br \/>\n<\/strong><\/span><em>Serata dedicata\u00a0ad un brevissimo percorso storico sull&#8217;evoluzione della fotocamera e\u00a0all&#8217;apprendimento della terminologia e delle funzioni proprie dell&#8217;apparecchio fotografico (reflex).<\/em><\/p>\n<p><span style=\"color: #ffcc00;\">gioved\u00ec 19 ottobre 2107 :\u00a0<strong>FARE<br \/>\n<\/strong><\/span><em>Serata dedicata all&#8217;esposizione e all&#8217;analisi degli elementi tecnici della fotocamera e propri del soggetto per effettuare una esposizione corretta.<\/em><\/p>\n<p><span style=\"color: #ffcc00;\">luned\u00ec 23 ottobre 2017:\u00a0<strong>SAPER FARE<\/strong><\/span><br \/>\n<em>Serata dedicata all&#8217;inquadratura e alle regole di base ad esse proprie.<\/em><br \/>\n<em>I generi fotografici e le differenti &#8220;basi&#8221;.<\/em><br \/>\n<em>Cenni di composizione con brevi letture di alcune immagini importanti e\/o visione di alcune immagini dei soci del fotoclub con commento degli autori.<\/em><\/p>\n<p><span style=\"color: #ffcc00;\">gioved\u00ec 26 ottobre 2017:\u00a0<strong>FAR SAPERE<\/strong><\/span><br \/>\n<em>Serata dedicata ad illustrare in breve il workflow del fotografo amatoriale appena successivo allo scatto.<\/em><br \/>\n<em>Metodi e modi di importazione, catalogazione e sviluppo\/elaborazione delle immagini scattate.<\/em><br \/>\n<em>Cenni sui diversi tipi di formato file fotografici e esame delle modalit\u00e0 pi\u00f9 comuni per &#8220;proporre&#8221; e\/o &#8220;promuovere&#8221; le proprie immagini.<\/em><br \/>\n<em>Come fotografare, quanto fotografare, come migliorare il nostro fotografare e come imparare qualcosa dalle nostre immagini.<\/em><\/p>\n<p>Uscita pratica: le uscite pratiche sono programmate per il pomeriggio di sabato 28 ottobre 2017 e per la mattina di domenica 29 ottobre 2017 a scelta in base alla disponibilit\u00e0 dei partecipanti al percorso formativo.<\/p>\n<p><span style=\"color: #ffcc00;\">gioved\u00ec 2 novembre:\u00a0<strong>Visione immagini dei partecipanti e dei soci del Fotoclub Sernaglia<\/strong><\/span><br \/>\n<em>Serata dedicata ad illustrare in breve il workflow del fotografo amatoriale appena successivo allo scatto.<\/em><br \/>\n<em>Metodi e modi di importazione, catalogazione e sviluppo\/elaborazione delle immagini scattate.<\/em><br \/>\n<em>Cenni sui diversi tipi di formato file fotografici e esame delle modalit\u00e0 pi\u00f9 comuni per &#8220;proporre&#8221; e\/o &#8220;promuovere&#8221; le proprie immagini.<\/em><br \/>\n<em>Come fotografare, quanto fotografare, come migliorare il nostro fotografare e come imparare qualcosa dalle nostre immagini.<\/em><\/p>\n<p><span style=\"color: #ffffff;\">Il programma \u00e8 indicativo e sar\u00e0 sviluppato nel miglior modo possibile in base alla necessit\u00e0 di interazione con i partecipanti e il contenuto degli incontri, potr\u00e0 subire lievi variazioni in base alla composizione del gruppo, alle necessit\u00e0 organizzative e alle richieste di approfondimento, nei limiti del tempo disponibile.<\/span><\/p>\n<p>La sede del corso \u00e8 la <a href=\"https:\/\/www.google.it\/maps\/place\/Fotoclub+Sernaglia\/@45.8720199,12.1305756,225m\/data=!3m1!1e3!4m5!3m4!1s0x0:0xcd8c2f8f9b965074!8m2!3d45.872017!4d12.1309241\">sede del Fotoclub Sernaglia in Piazza Martiri a Sernaglia della Battaglia<\/a>.<\/p>\n<p>Ricordiamo che il percorso far\u00e0 espresso riferimento all&#8217;utilizzo di fotocamere di tipo reflex con obiettivi intercambiabili (<em>soprattutto durante la prima serata<\/em>) tuttavia il possesso di una fotocamera di questo tipo non \u00e8 un requisito di partecipazione.<br \/>\nLa reflex \u00e8 al momento e a nostro parere, ancora l&#8217;apparecchio fotografico che meglio si presta alla spiegazione tecnica e terminologica dei componenti di una fotocamera: porta con s\u00e9 vantaggi e svantaggi rispetto ad altre tipologie di macchine fotografiche\u00a0ma\u00a0consente di essere oltre che uno strumento flessibile per il fotografo anche molto valido per uso didattico.<\/p>\n<p><span style=\"color: #ffff00;\">Per l&#8217;avvio del corso \u00e8 richiesto un numero minimo di 10 partecipanti fino ad un massimo tassativo di 20 persone per ragioni di spazio della sala.<\/span><br \/>\n<span style=\"color: #ffff00;\"> Si uniranno al percorso formativo, e fino al raggiungimento della massima capienza della sala, diversi soci del Fotoclub Sernaglia\u00a0coi quali sar\u00e0 possibile scambiare opinioni, raccogliere informazioni e confrontarsi sulle proprie necessit\u00e0 e curiosit\u00e0.<\/span><\/p>\n<p>&nbsp;<\/p>\n<h4>quota di partecipazione<\/h4>\n<p><span style=\"text-decoration: underline;\"><strong>La quota di partecipazione per ogni partecipante \u00e8 di Euro 50,00 (cinquanta\/00) per l\u2019intero corso comprensiva della quota sociale di iscrizione al Fotoclub Sernaglia per l\u2019anno 2017.<\/strong><\/span><br \/>\n<span style=\"text-decoration: underline;\"><strong> E&#8217; prevista una riduzione per i giovani fino a 18 anni di et\u00e0 e per eventuali componenti della stessa famiglia di un partecipante a quota piena.<\/strong><\/span><\/p>\n<p>&nbsp;<\/p>\n<h4>MODALITA&#8217; DI ISCRIZIONE<\/h4>\n<p><strong>Le iscrizioni sono da effettuarsi via mail alla casella <span style=\"color: #ffcc00;\"><a style=\"color: #ffcc00;\" href=\"mailto:info@fotoclub.it\">info@fotoclub.it<\/a><\/span>, mentre la quota di partecipazione verr\u00e0 raccolta durante la prima serata alla quale raccomandiamo di arrivare almeno per le ore 20.10 per le pratiche di registrazione.<\/strong><\/p>\n<p>A chi volesse velocizzare le pratiche di\u00a0registrazione, raccomandiamo di stampare i moduli allegati e portarli compilati la sera stessa.<\/p>\n<p><strong><a href=\"http:\/\/fotoclub.it\/wp-content\/uploads\/2017\/09\/iscrizione-associazione.pdf\">modulo di iscrizione all&#8217;associazione<\/a>\u00a0(.pdf)<\/strong><\/p>\n<p><strong><a href=\"http:\/\/fotoclub.it\/wp-content\/uploads\/2017\/09\/Calendario-Corso-2017.pdf\">Calendario indicativo del Corso Base 2017<\/a>\u00a0(.pdf)<\/strong><\/p>\n<p><strong><a href=\"http:\/\/fotoclub.it\/wp-content\/uploads\/2017\/09\/Raccolta-Dati-partecipanti.pdf\">Raccolta Dati partecipanti<\/a>\u00a0(.pdf)<\/strong><\/p>\n<p>&nbsp;<\/p>\n<p><em>Limitatamente ai posti disponibili, le iscrizioni sono aperte fino al 15 ottobre 2017 compreso.<\/em><\/p>\n<p><span style=\"color: #ff9900;\">IMPORTANTE:\u00a0In risposta alla mail di iscrizione vi verr\u00e0 comunicata l&#8217;eventualit\u00e0 che l&#8217;iscrizione non possa essere accettata per superamento del numero massimo o eventualmente, prima dell&#8217;inizio del corso stesso, vi verr\u00e0 comunicato se il corso non si terr\u00e0 per mancato raggiungimento del minimo di partecipanti.<\/span><\/p>\n<p>&nbsp;<\/p>\n<h4>NOTE PRATICHE E REQUISITI<\/h4>\n<p>Non sono richiesti requisiti particolari, tuttavia si considera che i partecipanti abbiano una abilit\u00e0 di base nell\u2019uso del personal computer.<br \/>\nChi non possedesse ancora la fotocamera, pu\u00f2 acquisire con il corso le conoscenze necessarie ad una scelta consapevole.<br \/>\nSi consiglia l\u2019uso di fotocamere reflex o mirrorles\/compatte con regolazioni manuali che tuttavia non sono condizione necessaria per seguire il percorso formativo.<\/p>\n<p>E&#8217; possibile portare con se la propria fotocamera anche durante le serate teoriche in aula, per individuare sul proprio apparecchio magari con l&#8217;aiuto dei soci del Fotoclub Sernaglia presenti, i componenti della fotocamera che man mano verranno descritti.<\/p>\n<p>&nbsp;<\/p>\n<h4>APPROFOINDIMENTO<\/h4>\n<p>Se volete approfondire le linee guida del corso base, seguite il link proposto:<\/p>\n<div class='avia-iframe-wrap'>\n<blockquote class=\"wp-embedded-content\" data-secret=\"xlMaxIML5k\"><p><a href=\"https:\/\/fotoclub.it\/index.php\/corso-base-di-fotografia-digitale\/\">Corso Base di Fotografia (digitale)<\/a><\/p><\/blockquote>\n<p><iframe loading=\"lazy\" class=\"wp-embedded-content\" sandbox=\"allow-scripts\" security=\"restricted\" style=\"position: absolute; visibility: hidden;\" title=\"&#8220;Corso Base di Fotografia (digitale)&#8221; &#8212; Fotoclub Sernaglia\" src=\"https:\/\/fotoclub.it\/index.php\/corso-base-di-fotografia-digitale\/embed\/#?secret=Oyrdz4NsBr#?secret=xlMaxIML5k\" data-secret=\"xlMaxIML5k\" width=\"600\" height=\"338\" frameborder=\"0\" marginwidth=\"0\" marginheight=\"0\" scrolling=\"no\"><\/iframe><\/div>\n<p>&nbsp;<\/p>\n<p><span style=\"color: #ffffff;\"><strong>Qualche ricordo di alcune delle precedenti edizioni del corso base di fotografia (digitale):<br \/>\n<\/strong><\/span><a href=\"http:\/\/blog.fotousato.com\/?p=1473\">2016 Farra di Soligo<\/a><br \/>\n<span style=\"color: #ccffcc;\"> <a style=\"color: #ccffcc;\" href=\"http:\/\/blog.fotousato.com\/?p=1339\" target=\"_blank\" rel=\"noopener\">2014 Sernaglia della Battaglia<\/a><\/span><br \/>\n<span style=\"color: #ccffcc;\"> <a style=\"color: #ccffcc;\" href=\"http:\/\/blog.fotousato.com\/?p=1333\" target=\"_blank\" rel=\"noopener\">2014 Santa Lucia di Piave<\/a><\/span><br \/>\n<span style=\"color: #ccffcc;\"> <a style=\"color: #ccffcc;\" href=\"http:\/\/blog.fotousato.com\/?p=690\" target=\"_blank\" rel=\"noopener\">2012 Sernaglia della Battaglia<\/a><\/span><br \/>\n<span style=\"color: #ccffcc;\"> <a style=\"color: #ccffcc;\" href=\"http:\/\/blog.fotousato.com\/?p=698\" target=\"_blank\" rel=\"noopener\">2011 Riese Pio X\u00b0<\/a><\/span><\/p>\n<p>&nbsp;<\/p>\n<h4>LOCANDINA<\/h4>\n<p><a href=\"http:\/\/fotoclub.it\/wp-content\/uploads\/2017\/09\/corsobase2017WEB.pdf\"><img data-recalc-dims=\"1\" loading=\"lazy\" decoding=\"async\" class=\"alignnone size-full wp-image-1513\" src=\"https:\/\/i0.wp.com\/fotoclub.it\/wp-content\/uploads\/2017\/09\/corsobase2017.jpg?resize=600%2C843\" alt=\"\" width=\"600\" height=\"843\" srcset=\"https:\/\/i0.wp.com\/fotoclub.it\/wp-content\/uploads\/2017\/09\/corsobase2017.jpg?w=600&amp;ssl=1 600w, https:\/\/i0.wp.com\/fotoclub.it\/wp-content\/uploads\/2017\/09\/corsobase2017.jpg?resize=214%2C300&amp;ssl=1 214w, https:\/\/i0.wp.com\/fotoclub.it\/wp-content\/uploads\/2017\/09\/corsobase2017.jpg?resize=107%2C150&amp;ssl=1 107w\" sizes=\"auto, (max-width: 600px) 100vw, 600px\" \/><\/a><\/p>\n<p><a href=\"http:\/\/fotoclub.it\/wp-content\/uploads\/2017\/09\/corsobase2017WEB.pdf\">Locandina in formato .PDF<\/a><\/p>\n<p>&nbsp;<\/p>\n","protected":false},"excerpt":{"rendered":"<p>ISCRIZIONI CHIUSE PER RAGGIUNTO NUMERO MASSIMO DI PARTECIPANTI A chi fosse interessato, segnaliamo che abbiamo gi\u00e0 raggiunto il limite massimo di iscritti per questa edizione. Se volete potete comunque scrivere a info@fotoclub.it per essere inseriti con precedenza per il prossimo corso base. Il prossimo corso base, non \u00e8 al momento programmato, ma \u00e8 possibile che [&hellip;]<\/p>\n","protected":false},"author":1,"featured_media":1513,"comment_status":"closed","ping_status":"closed","sticky":false,"template":"","format":"standard","meta":{"_jetpack_newsletter_access":"","_jetpack_dont_email_post_to_subs":false,"_jetpack_newsletter_tier_id":0,"_jetpack_memberships_contains_paywalled_content":false,"_jetpack_memberships_contains_paid_content":false,"footnotes":""},"categories":[14,97,6,15],"tags":[99,98,64],"class_list":["post-1499","post","type-post","status-publish","format-standard","has-post-thumbnail","hentry","category-attivita","category-corso-base","category-formazione","category-uscite-fotografiche","tag-attivita-associative","tag-corso-base","tag-formazione"],"jetpack_sharing_enabled":true,"jetpack_shortlink":"https:\/\/wp.me\/p51gCz-ob","jetpack_featured_media_url":"https:\/\/i0.wp.com\/fotoclub.it\/wp-content\/uploads\/2017\/09\/corsobase2017.jpg?fit=600%2C843&ssl=1","_links":{"self":[{"href":"https:\/\/fotoclub.it\/index.php\/wp-json\/wp\/v2\/posts\/1499","targetHints":{"allow":["GET"]}}],"collection":[{"href":"https:\/\/fotoclub.it\/index.php\/wp-json\/wp\/v2\/posts"}],"about":[{"href":"https:\/\/fotoclub.it\/index.php\/wp-json\/wp\/v2\/types\/post"}],"author":[{"embeddable":true,"href":"https:\/\/fotoclub.it\/index.php\/wp-json\/wp\/v2\/users\/1"}],"replies":[{"embeddable":true,"href":"https:\/\/fotoclub.it\/index.php\/wp-json\/wp\/v2\/comments?post=1499"}],"version-history":[{"count":0,"href":"https:\/\/fotoclub.it\/index.php\/wp-json\/wp\/v2\/posts\/1499\/revisions"}],"wp:featuredmedia":[{"embeddable":true,"href":"https:\/\/fotoclub.it\/index.php\/wp-json\/wp\/v2\/media\/1513"}],"wp:attachment":[{"href":"https:\/\/fotoclub.it\/index.php\/wp-json\/wp\/v2\/media?parent=1499"}],"wp:term":[{"taxonomy":"category","embeddable":true,"href":"https:\/\/fotoclub.it\/index.php\/wp-json\/wp\/v2\/categories?post=1499"},{"taxonomy":"post_tag","embeddable":true,"href":"https:\/\/fotoclub.it\/index.php\/wp-json\/wp\/v2\/tags?post=1499"}],"curies":[{"name":"wp","href":"https:\/\/api.w.org\/{rel}","templated":true}]}}