{"id":1170,"date":"2016-09-23T16:12:01","date_gmt":"2016-09-23T14:12:01","guid":{"rendered":"http:\/\/fotoclub.it\/?p=1170"},"modified":"2016-10-30T22:27:59","modified_gmt":"2016-10-30T21:27:59","slug":"16-10-2016-workshop-con-francesca-della-toffola","status":"publish","type":"post","link":"https:\/\/fotoclub.it\/index.php\/2016\/09\/23\/16-10-2016-workshop-con-francesca-della-toffola\/","title":{"rendered":"16.10.2016: WorkShop con Francesca Della Toffola"},"content":{"rendered":"<p><em><strong>Dopo la serata del <a href=\"http:\/\/fotoclub.it\/?p=1160\">19 settembre<\/a>, Francesca Della Toffola \u00e8 disponibile per un workshop dedicato ai soci del Fotoclub Sernaglia.<\/strong><\/em><\/p>\n<p><span data-offset-key=\"7h40c-0-0\" data-reactid=\".2v.1.0.$\/=10.0:$\/=19.1.0.0.0.0.$editor0.0.0.$7h40c.0:$7h40c-0-0\"><span data-reactid=\".2v.1.0.$\/=10.0:$\/=19.1.0.0.0.0.$editor0.0.0.$7h40c.0:$7h40c-0-0.0\">Francesca Della Toffola, fotografa esperta e riconosciuta autrice di singolari ed inedite interpretazioni dell&#8217;autoritratto, \u00e8 disponibile per un workshop dedicato a questa specifica tecnica\u00a0fotografica, nella giornata di domenica 16 ottobre 2016 dalle ore 08.30\/09.00 fino alle ore 17.00 circa (ai partecipanti verr\u00e0 data comunicazione pi\u00f9 precisa direttamente dalla conduttrice).<\/span><\/span><\/p>\n<p><span style=\"color: #ff0000;\"><strong><span data-offset-key=\"54vjf-0-0\" data-reactid=\".2v.1.0.$\/=10.0:$\/=19.1.0.0.0.0.$editor0.0.0.$54vjf.0:$54vjf-0-0\"><span data-reactid=\".2v.1.0.$\/=10.0:$\/=19.1.0.0.0.0.$editor0.0.0.$54vjf.0:$54vjf-0-0.0\">Il workshop inizier\u00e0 presso la SEDE DEL FOTOCLUB SERNAGLIA in Piazza Martiri della libert\u00e0 a SERNAGLIA DELLA BATTAGLIA dove si svolger\u00e0 la parte teoria, mentre la parte pi\u00f9 di pratica probabilmente verr\u00e0 svolta all&#8217;aperto in base alle condizioni climatiche del giorno.<\/span><\/span><\/strong><\/span><\/p>\n<p><span data-offset-key=\"1vrd1-0-0\" data-reactid=\".2v.1.0.$\/=10.0:$\/=19.1.0.0.0.0.$editor0.0.0.$1vrd1.0:$1vrd1-0-0\"><span data-reactid=\".2v.1.0.$\/=10.0:$\/=19.1.0.0.0.0.$editor0.0.0.$1vrd1.0:$1vrd1-0-0.0\"><img data-recalc-dims=\"1\" loading=\"lazy\" decoding=\"async\" class=\"alignnone wp-image-1161 size-medium\" src=\"https:\/\/i0.wp.com\/fotoclub.it\/wp-content\/uploads\/2016\/09\/2016-4987-374686_6691_11453_t-300x300.jpg?resize=300%2C300\" alt=\"2016-4987-374686_6691_11453_t\" width=\"300\" height=\"300\" srcset=\"https:\/\/i0.wp.com\/fotoclub.it\/wp-content\/uploads\/2016\/09\/2016-4987-374686_6691_11453_t.jpg?resize=300%2C300&amp;ssl=1 300w, https:\/\/i0.wp.com\/fotoclub.it\/wp-content\/uploads\/2016\/09\/2016-4987-374686_6691_11453_t.jpg?resize=150%2C150&amp;ssl=1 150w, https:\/\/i0.wp.com\/fotoclub.it\/wp-content\/uploads\/2016\/09\/2016-4987-374686_6691_11453_t.jpg?resize=768%2C767&amp;ssl=1 768w, https:\/\/i0.wp.com\/fotoclub.it\/wp-content\/uploads\/2016\/09\/2016-4987-374686_6691_11453_t.jpg?w=895&amp;ssl=1 895w\" sizes=\"auto, (max-width: 300px) 100vw, 300px\" \/><img data-recalc-dims=\"1\" loading=\"lazy\" decoding=\"async\" class=\"alignnone size-medium wp-image-1173\" src=\"https:\/\/i0.wp.com\/fotoclub.it\/wp-content\/uploads\/2016\/09\/112_Della-Toffola_Francesca_web-1200x1174-300x294.jpg?resize=300%2C300\" alt=\"112_della-toffola_francesca_web-1200x1174\" width=\"300\" height=\"300\" srcset=\"https:\/\/i0.wp.com\/fotoclub.it\/wp-content\/uploads\/2016\/09\/112_Della-Toffola_Francesca_web-1200x1174.jpg?resize=150%2C150&amp;ssl=1 150w, https:\/\/i0.wp.com\/fotoclub.it\/wp-content\/uploads\/2016\/09\/112_Della-Toffola_Francesca_web-1200x1174.jpg?zoom=2&amp;resize=300%2C300&amp;ssl=1 600w, https:\/\/i0.wp.com\/fotoclub.it\/wp-content\/uploads\/2016\/09\/112_Della-Toffola_Francesca_web-1200x1174.jpg?zoom=3&amp;resize=300%2C300&amp;ssl=1 900w\" sizes=\"auto, (max-width: 300px) 100vw, 300px\" \/><\/span><\/span><\/p>\n<p>Il costo di partecipazione \u00e8 di euro 60,00 che verranno corrisposti alla conduttrice, mentre nulla sar\u00e0 dovuto al Fotoclub Sernaglia.<br \/>\nIl workshop \u00e8 rivolto ad un numero massimo di 12\/14 iscritti e i soci del Fotoclub Sernaglia hanno diritto di precedenza per l&#8217;iscrizione che \u00e8 comunque aperta qualora risultino posti disponibili anche ad appassionati\/e di fotografia non iscritti all&#8217;associazione.<\/p>\n<p>Per iscrizioni scrivete a: <a href=\"mailto:info@fotoclub.it\">info@fotoclub.it<\/a><\/p>\n<p>&nbsp;<\/p>\n<p>&nbsp;<\/p>\n","protected":false},"excerpt":{"rendered":"<p>Dopo la serata del 19 settembre, Francesca Della Toffola \u00e8 disponibile per un workshop dedicato ai soci del Fotoclub Sernaglia. Francesca Della Toffola, fotografa esperta e riconosciuta autrice di singolari ed inedite interpretazioni dell&#8217;autoritratto, \u00e8 disponibile per un workshop dedicato a questa specifica tecnica\u00a0fotografica, nella giornata di domenica 16 ottobre 2016 dalle ore 08.30\/09.00 fino [&hellip;]<\/p>\n","protected":false},"author":1,"featured_media":1161,"comment_status":"closed","ping_status":"closed","sticky":false,"template":"","format":"standard","meta":{"_jetpack_newsletter_access":"","_jetpack_dont_email_post_to_subs":false,"_jetpack_newsletter_tier_id":0,"_jetpack_memberships_contains_paywalled_content":false,"_jetpack_memberships_contains_paid_content":false,"footnotes":""},"categories":[14,6],"tags":[114,106,113,56,115,7,30,105,107],"class_list":["post-1170","post","type-post","status-publish","format-standard","has-post-thumbnail","hentry","category-attivita","category-formazione","tag-autoritratto","tag-foto-di-scena","tag-francesca-della-toffola","tag-ritratto","tag-selfie","tag-serate","tag-serate-pubbliche","tag-sonia-de-boni","tag-spettacolo"],"jetpack_sharing_enabled":true,"jetpack_shortlink":"https:\/\/wp.me\/p51gCz-iS","jetpack_featured_media_url":"https:\/\/i0.wp.com\/fotoclub.it\/wp-content\/uploads\/2016\/09\/2016-4987-374686_6691_11453_t.jpg?fit=895%2C894&ssl=1","_links":{"self":[{"href":"https:\/\/fotoclub.it\/index.php\/wp-json\/wp\/v2\/posts\/1170","targetHints":{"allow":["GET"]}}],"collection":[{"href":"https:\/\/fotoclub.it\/index.php\/wp-json\/wp\/v2\/posts"}],"about":[{"href":"https:\/\/fotoclub.it\/index.php\/wp-json\/wp\/v2\/types\/post"}],"author":[{"embeddable":true,"href":"https:\/\/fotoclub.it\/index.php\/wp-json\/wp\/v2\/users\/1"}],"replies":[{"embeddable":true,"href":"https:\/\/fotoclub.it\/index.php\/wp-json\/wp\/v2\/comments?post=1170"}],"version-history":[{"count":0,"href":"https:\/\/fotoclub.it\/index.php\/wp-json\/wp\/v2\/posts\/1170\/revisions"}],"wp:featuredmedia":[{"embeddable":true,"href":"https:\/\/fotoclub.it\/index.php\/wp-json\/wp\/v2\/media\/1161"}],"wp:attachment":[{"href":"https:\/\/fotoclub.it\/index.php\/wp-json\/wp\/v2\/media?parent=1170"}],"wp:term":[{"taxonomy":"category","embeddable":true,"href":"https:\/\/fotoclub.it\/index.php\/wp-json\/wp\/v2\/categories?post=1170"},{"taxonomy":"post_tag","embeddable":true,"href":"https:\/\/fotoclub.it\/index.php\/wp-json\/wp\/v2\/tags?post=1170"}],"curies":[{"name":"wp","href":"https:\/\/api.w.org\/{rel}","templated":true}]}}